{"id":301292,"date":"2025-08-06T21:35:17","date_gmt":"2025-08-06T21:35:17","guid":{"rendered":"https:\/\/www.europesays.com\/fr\/301292\/"},"modified":"2025-08-06T21:35:17","modified_gmt":"2025-08-06T21:35:17","slug":"pourquoi-ulysse-maxence-victor-trompe-t-il-bilal-malik-elakehal-el-miliani-la-reponse-de-maxence-victor","status":"publish","type":"post","link":"https:\/\/www.europesays.com\/fr\/301292\/","title":{"rendered":"Pourquoi Ulysse (Maxence Victor) trompe-t-il Bilal (Malik Elakehal El Miliani) ? La r\u00e9ponse de Maxence Victor"},"content":{"rendered":"<p>Dans Un si grand soleil sur France 3, Ulysse (Maxence Victor) et Bilal (Malik Elakehal El Miliani) s&rsquo;appr\u00eatent \u00e0 conna\u00eetre une s\u00e9v\u00e8re crise dans leur couple. L&rsquo;artiste peintre a commenc\u00e9 \u00e0 voir d&rsquo;autres hommes dans le dos de son compagnon. Son interpr\u00e8te, Maxence Victor, en dit plus \u00e0 T\u00e9l\u00e9-Loisirs.<\/p>\n<p><a href=\"https:\/\/www.programme-tv.net\/news\/series-tv\/384518-un-si-grand-soleil-en-avance-thais-decouvre-le-trafic-de-liam-ulysse-trompe-bilal-le-resume-de-l-episode-1720-du-mardi-5-aout-2025\/\" data-api-deeplink=\"teleloisirs:\/\/news\/384518\" rel=\"nofollow noopener\" target=\"_blank\">Mardi 5 ao\u00fbt 2025 dans <b>Un si grand soleil<\/b><\/a> sur France 3, <b>Ulysse (Maxence Victor)<\/b> a menti \u00e0 <b>Bilal<\/b> (Malik Elakehal El Miliani) pour trouver une excuse et ne pas \u00eatre disponible dans la soir\u00e9e. L&rsquo;artiste peintre s&rsquo;est en effet rendu en ville pour retrouver un autre homme dans un h\u00f4tel. Ulysse trompe ainsi son compagnon en pleine tourmente. Bilal est au plus mal en raison des dangers que court son fr\u00e8re Akim (A\u00efssam Medhem) qu&rsquo;il croit en cavale alors que ce dernier est en mission d&rsquo;infiltration pour d\u00e9manteler un trafic d&rsquo;armes. Dans les autres intrigues du feuilleton quotidien, apr\u00e8s avoir jou\u00e9 un jeu dangereux, <a href=\"https:\/\/www.programme-tv.net\/news\/series-tv\/382340-un-si-grand-soleil-claudine-va-quitter-le-cabinet-lactrice-catherine-wilkening-annonce-une-decision-radicale-pour-son-personnage\/\" data-api-deeplink=\"teleloisirs:\/\/news\/382340\" rel=\"nofollow noopener\" target=\"_blank\">Claudine (Catherine Wilkening) se retrouve accul\u00e9e<\/a> et va devoir quitter le cabinet BGL.<\/p>\n<p>Un si grand soleil : Pourquoi Ulysse trompe-t-il Bilal ? La r\u00e9ponse de Maxence Victor<\/p>\n<p>Arriv\u00e9 dans Un si grand soleil en 2022, Maxence Victor y incarne Ulysse. Le com\u00e9dien est revenu pour T\u00e9l\u00e9-Loisirs sur l&rsquo;infid\u00e9lit\u00e9 de son personnage : \u00ab\u00a0Ulysse et Bilal sont toujours amoureux mais ne sont plus dans la passion du d\u00e9but. Bilal \u00e9tait totalement pris \u00e9motionnellement par ce qui arrivait \u00e0 son fr\u00e8re Akim et Ulysse passait au second plan \u00e0 ce moment-l\u00e0. Ulysse est aussi constamment en qu\u00eate d\u2019inspiration pour ses toiles, de libert\u00e9. Il s\u2019inscrit sur des sites de rencontres par go\u00fbt d\u2019aventure et pour combler des besoins charnels. Il repart sur un r\u00e9flexe qu\u2019il avait avant d\u2019\u00eatre en couple avec Bilal. Avant cette premi\u00e8re relation stable, il allait de conqu\u00eate en conqu\u00eate.\u00a0\u00bb<\/p>\n<p>                        Un si grand soleil : Ce qui vous attend dans l&rsquo;\u00e9pisode du jeudi 7 ao\u00fbt 2025<\/p>\n<p>Dans Un si grand soleil jeudi 7 ao\u00fbt, Ulysse ment \u00e0 nouveau \u00e0 Bilal, mais aussi \u00e0 Alix pour s&rsquo;\u00e9clipser pour la soir\u00e9e. Quand Bilal fait la surprise \u00e0 Ulysse de lui apporter \u00e0 d\u00eener \u00e0 la galerie, il tombe sur Alix (<a href=\"https:\/\/www.programme-tv.net\/news\/series-tv\/275940-un-si-grand-soleil-france-2-qui-est-nadia-fossier-alias-alix-dardel-lamie-de-laetitia-shirley-bousquet\/\" data-api-deeplink=\"teleloisirs:\/\/news\/275940\" rel=\"nofollow noopener\" target=\"_blank\">Nadia Fossier<\/a>) qui d\u00e9cide de couvrir Ulysse face \u00e0 Bilal. \u00ab\u00a0Au fur-et-\u00e0-mesure, Ulysse et Alix se sont li\u00e9s d&rsquo;amiti\u00e9. A ce moment-l\u00e0, il y a un rapprochement entre eux car c\u2019est la seule qui est au courant et \u00e7a repr\u00e9sente \u00e9norm\u00e9ment pour Ulysse\u00a0\u00bb, nous a expliqu\u00e9 Maxence Victor.<\/p>\n","protected":false},"excerpt":{"rendered":"Dans Un si grand soleil sur France 3, Ulysse (Maxence Victor) et Bilal (Malik Elakehal El Miliani) s&rsquo;appr\u00eatent&hellip;\n","protected":false},"author":2,"featured_media":301293,"comment_status":"","ping_status":"","sticky":false,"template":"","format":"standard","meta":{"footnotes":""},"categories":[1356],"tags":[244,58,59,1011,27,876,252,1364,9766],"class_list":{"0":"post-301292","1":"post","2":"type-post","3":"status-publish","4":"format-standard","5":"has-post-thumbnail","7":"category-television","8":"tag-commentaire","9":"tag-divertissement","10":"tag-entertainment","11":"tag-fr","12":"tag-france","13":"tag-france-3","14":"tag-television","15":"tag-tv","16":"tag-un-si-grand-soleil"},"share_on_mastodon":{"url":"https:\/\/pubeurope.com\/@fr\/114983975268447848","error":""},"_links":{"self":[{"href":"https:\/\/www.europesays.com\/fr\/wp-json\/wp\/v2\/posts\/301292","targetHints":{"allow":["GET"]}}],"collection":[{"href":"https:\/\/www.europesays.com\/fr\/wp-json\/wp\/v2\/posts"}],"about":[{"href":"https:\/\/www.europesays.com\/fr\/wp-json\/wp\/v2\/types\/post"}],"author":[{"embeddable":true,"href":"https:\/\/www.europesays.com\/fr\/wp-json\/wp\/v2\/users\/2"}],"replies":[{"embeddable":true,"href":"https:\/\/www.europesays.com\/fr\/wp-json\/wp\/v2\/comments?post=301292"}],"version-history":[{"count":0,"href":"https:\/\/www.europesays.com\/fr\/wp-json\/wp\/v2\/posts\/301292\/revisions"}],"wp:featuredmedia":[{"embeddable":true,"href":"https:\/\/www.europesays.com\/fr\/wp-json\/wp\/v2\/media\/301293"}],"wp:attachment":[{"href":"https:\/\/www.europesays.com\/fr\/wp-json\/wp\/v2\/media?parent=301292"}],"wp:term":[{"taxonomy":"category","embeddable":true,"href":"https:\/\/www.europesays.com\/fr\/wp-json\/wp\/v2\/categories?post=301292"},{"taxonomy":"post_tag","embeddable":true,"href":"https:\/\/www.europesays.com\/fr\/wp-json\/wp\/v2\/tags?post=301292"}],"curies":[{"name":"wp","href":"https:\/\/api.w.org\/{rel}","templated":true}]}}