{"id":301296,"date":"2025-08-06T21:37:11","date_gmt":"2025-08-06T21:37:11","guid":{"rendered":"https:\/\/www.europesays.com\/fr\/301296\/"},"modified":"2025-08-06T21:37:11","modified_gmt":"2025-08-06T21:37:11","slug":"pourquoi-un-tel-desastre","status":"publish","type":"post","link":"https:\/\/www.europesays.com\/fr\/301296\/","title":{"rendered":"pourquoi un tel d\u00e9sastre ?"},"content":{"rendered":"<p><strong>En 2015, la Fox voulait relancer les 4 fantastiques avec <a href=\"https:\/\/www.ecranlarge.com\/films\/866132-les-4-fantastiques\" data-type=\"films\" data-id=\"681319\" rel=\"nofollow noopener\" target=\"_blank\">Les 4 Fantastiques<\/a> du jeune r\u00e9alisateur <a href=\"https:\/\/www.ecranlarge.com\/personnalite\/783795-josh-trank\" data-type=\"people\" data-id=\"421442\" rel=\"nofollow noopener\" target=\"_blank\">Josh Trank<\/a>, mais le studio ne savait pas qu\u2019il allait cr\u00e9er un monstre.<\/strong><\/p>\n<p>\u00c0 l\u2019occasion de la sortie de la nouvelle version des 4 Fantastiques pour le MCU, on s\u2019est dit que c\u2019\u00e9tait le moment parfait de revenir sur le chaotique <strong>Les 4 Fantastiques<\/strong> de 2015. Le film avait tout pour plaire avec un casting prometteur (<a href=\"https:\/\/www.ecranlarge.com\/personnalite\/760416-miles-teller\" data-type=\"people\" data-id=\"400293\" rel=\"nofollow noopener\" target=\"_blank\">Miles Teller<\/a>, <a href=\"https:\/\/www.ecranlarge.com\/personnalite\/665055-kate-mara\" data-type=\"people\" data-id=\"316017\" rel=\"nofollow noopener\" target=\"_blank\">Kate Mara<\/a>, <a href=\"https:\/\/www.ecranlarge.com\/personnalite\/655887-jamie-bell\" data-type=\"people\" data-id=\"307699\" rel=\"nofollow noopener\" target=\"_blank\">Jamie Bell<\/a>, <a href=\"https:\/\/www.ecranlarge.com\/personnalite\/783797-michael-b-jordan\" data-type=\"people\" data-id=\"421443\" rel=\"nofollow noopener\" target=\"_blank\">Michael B. Jordan<\/a>) et un r\u00e9alisateur prometteur, Josh Trank, qui venait d\u2019impressionner le tout-Hollywood avec son petit film de science-fiction <strong>Chronicle<\/strong>.<\/p>\n<p>                    <img decoding=\"async\" alt=\"\" class=\"wp-image-518375\" style=\"object-fit:cover;width:25px;height:25px\" src=\"https:\/\/www.ecranlarge.com\/content\/uploads\/2023\/09\/arrow-right-circle.svg\"\/><\/p>\n<p>Malheureusement, son film Marvel a tourn\u00e9 \u00e0 la catastrophe \u00e0 tous les niveaux au fur et \u00e0 mesure. Mais alors, comment Les 4 Fantastiques version 2015 est devenu un enfer de production ? Qui est responsable de cet \u00e9norme bordel ? Y a-t-il un seul coupable dans cette histoire ? Qu\u2019est-ce qu\u2019on peut regretter ? Pourquoi \u00e7a aurait pu \u00eatre bien ? <strong>On essaie de r\u00e9pondre \u00e0 toutes ces questions en vid\u00e9o.<\/strong><\/p>\n<p>                    <img decoding=\"async\" alt=\"\" class=\"wp-image-518375\" style=\"object-fit:cover;width:25px;height:25px\" src=\"https:\/\/www.ecranlarge.com\/content\/uploads\/2023\/09\/arrow-right-circle.svg\"\/><\/p>\n","protected":false},"excerpt":{"rendered":"En 2015, la Fox voulait relancer les 4 fantastiques avec Les 4 Fantastiques du jeune r\u00e9alisateur Josh Trank,&hellip;\n","protected":false},"author":2,"featured_media":301297,"comment_status":"","ping_status":"","sticky":false,"template":"","format":"standard","meta":{"footnotes":""},"categories":[1354],"tags":[58,59,1346,1011,27,1360],"class_list":{"0":"post-301296","1":"post","2":"type-post","3":"status-publish","4":"format-standard","5":"has-post-thumbnail","7":"category-films","8":"tag-divertissement","9":"tag-entertainment","10":"tag-films","11":"tag-fr","12":"tag-france","13":"tag-movies"},"share_on_mastodon":{"url":"https:\/\/pubeurope.com\/@fr\/114983983179086159","error":""},"_links":{"self":[{"href":"https:\/\/www.europesays.com\/fr\/wp-json\/wp\/v2\/posts\/301296","targetHints":{"allow":["GET"]}}],"collection":[{"href":"https:\/\/www.europesays.com\/fr\/wp-json\/wp\/v2\/posts"}],"about":[{"href":"https:\/\/www.europesays.com\/fr\/wp-json\/wp\/v2\/types\/post"}],"author":[{"embeddable":true,"href":"https:\/\/www.europesays.com\/fr\/wp-json\/wp\/v2\/users\/2"}],"replies":[{"embeddable":true,"href":"https:\/\/www.europesays.com\/fr\/wp-json\/wp\/v2\/comments?post=301296"}],"version-history":[{"count":0,"href":"https:\/\/www.europesays.com\/fr\/wp-json\/wp\/v2\/posts\/301296\/revisions"}],"wp:featuredmedia":[{"embeddable":true,"href":"https:\/\/www.europesays.com\/fr\/wp-json\/wp\/v2\/media\/301297"}],"wp:attachment":[{"href":"https:\/\/www.europesays.com\/fr\/wp-json\/wp\/v2\/media?parent=301296"}],"wp:term":[{"taxonomy":"category","embeddable":true,"href":"https:\/\/www.europesays.com\/fr\/wp-json\/wp\/v2\/categories?post=301296"},{"taxonomy":"post_tag","embeddable":true,"href":"https:\/\/www.europesays.com\/fr\/wp-json\/wp\/v2\/tags?post=301296"}],"curies":[{"name":"wp","href":"https:\/\/api.w.org\/{rel}","templated":true}]}}