{"id":301298,"date":"2025-08-06T21:38:13","date_gmt":"2025-08-06T21:38:13","guid":{"rendered":"https:\/\/www.europesays.com\/fr\/301298\/"},"modified":"2025-08-06T21:38:13","modified_gmt":"2025-08-06T21:38:13","slug":"ce-vegetal-present-dans-la-cuisine-de-tous-les-jours-serait-un-allie-contre-la-maladie-dalzheimer","status":"publish","type":"post","link":"https:\/\/www.europesays.com\/fr\/301298\/","title":{"rendered":"Ce v\u00e9g\u00e9tal, pr\u00e9sent dans la cuisine de tous les jours, serait un alli\u00e9 contre la maladie d&rsquo;Alzheimer"},"content":{"rendered":"<p class=\"ap-StoryElement ap-StoryElement--mb ap-StoryText\">La maladie d&rsquo;Alzheimer est un fl\u00e9au qu&rsquo;il semble dur de combattre. Alors que de nombreux patients en souffrent et perdent petit \u00e0 petit la m\u00e9moire jusqu&rsquo;\u00e0 atteindre un degr\u00e9 de s\u00e9nilit\u00e9 avanc\u00e9, aucun rem\u00e8de n&rsquo;a pour l&rsquo;instant \u00e9t\u00e9 trouv\u00e9. Comme l&rsquo;explique Le journal des femmes, la maladie d&rsquo;Alzheimer agit directement sur les neurones.<\/p>\n<p class=\"ap-StoryElement ap-StoryElement--mb ap-StoryText\">Concr\u00e8tement, les patients atteints d&rsquo;Alzheimer voient des sortes de plaques se former dans leur cerveau, comme si la \u00ab\u00a0rouille\u00a0\u00bb s&rsquo;y installait. Ces plaques d\u00e9t\u00e9riorent les neurones, jusqu&rsquo;\u00e0 les an\u00e9antir. Les traitements qui circulent pour l&rsquo;instant ont pour seul effet de r\u00e9duire la vitesse de progression de la maladie. Face aux difficult\u00e9s rencontr\u00e9es pour trouver un m\u00e9dicament qui arr\u00eaterait tout bonnement le d\u00e9clin cognitif des patients, les scientifiques se sont int\u00e9ress\u00e9s aux m\u00e9thodes naturelles pour pr\u00e9venir cette maladie, notamment \u00e0 travers l&rsquo;alimentation.<\/p>\n<p>Pour acc\u00e9der \u00e0 cet article, veuillez vous connecter au r\u00e9seau internet.<\/p>\n","protected":false},"excerpt":{"rendered":"La maladie d&rsquo;Alzheimer est un fl\u00e9au qu&rsquo;il semble dur de combattre. Alors que de nombreux patients en souffrent&hellip;\n","protected":false},"author":2,"featured_media":301299,"comment_status":"","ping_status":"","sticky":false,"template":"","format":"standard","meta":{"footnotes":""},"categories":[10],"tags":[772,1011,27,72,226,44143,71],"class_list":{"0":"post-301298","1":"post","2":"type-post","3":"status-publish","4":"format-standard","5":"has-post-thumbnail","7":"category-sante","8":"tag-alzheimer","9":"tag-fr","10":"tag-france","11":"tag-health","12":"tag-maladie","13":"tag-romarin","14":"tag-sante"},"share_on_mastodon":{"url":"https:\/\/pubeurope.com\/@fr\/114983987108637784","error":""},"_links":{"self":[{"href":"https:\/\/www.europesays.com\/fr\/wp-json\/wp\/v2\/posts\/301298","targetHints":{"allow":["GET"]}}],"collection":[{"href":"https:\/\/www.europesays.com\/fr\/wp-json\/wp\/v2\/posts"}],"about":[{"href":"https:\/\/www.europesays.com\/fr\/wp-json\/wp\/v2\/types\/post"}],"author":[{"embeddable":true,"href":"https:\/\/www.europesays.com\/fr\/wp-json\/wp\/v2\/users\/2"}],"replies":[{"embeddable":true,"href":"https:\/\/www.europesays.com\/fr\/wp-json\/wp\/v2\/comments?post=301298"}],"version-history":[{"count":0,"href":"https:\/\/www.europesays.com\/fr\/wp-json\/wp\/v2\/posts\/301298\/revisions"}],"wp:featuredmedia":[{"embeddable":true,"href":"https:\/\/www.europesays.com\/fr\/wp-json\/wp\/v2\/media\/301299"}],"wp:attachment":[{"href":"https:\/\/www.europesays.com\/fr\/wp-json\/wp\/v2\/media?parent=301298"}],"wp:term":[{"taxonomy":"category","embeddable":true,"href":"https:\/\/www.europesays.com\/fr\/wp-json\/wp\/v2\/categories?post=301298"},{"taxonomy":"post_tag","embeddable":true,"href":"https:\/\/www.europesays.com\/fr\/wp-json\/wp\/v2\/tags?post=301298"}],"curies":[{"name":"wp","href":"https:\/\/api.w.org\/{rel}","templated":true}]}}