{"id":301305,"date":"2025-08-06T21:42:11","date_gmt":"2025-08-06T21:42:11","guid":{"rendered":"https:\/\/www.europesays.com\/fr\/301305\/"},"modified":"2025-08-06T21:42:11","modified_gmt":"2025-08-06T21:42:11","slug":"loperateur-bouygues-telecom-victime-dune-vaste-cyberattaque-plus-de-six-millions-de-comptes-touches","status":"publish","type":"post","link":"https:\/\/www.europesays.com\/fr\/301305\/","title":{"rendered":"L\u2019op\u00e9rateur Bouygues Telecom victime d\u2019une vaste cyberattaque, plus de six millions de comptes touch\u00e9s"},"content":{"rendered":"<p><a href=\"https:\/\/www.20minutes.fr\/dossier\/bouygues_telecom\" target=\"_blank\" class=\"color-ultramarine c-link\" rel=\"noopener\">Bouygues Telecom<\/a> a confirm\u00e9 mercredi avoir \u00e9t\u00e9 victime d\u2019une importante <a href=\"https:\/\/www.20minutes.fr\/dossier\/cyberattaque\" target=\"_blank\" class=\"color-ultramarine c-link\" rel=\"noopener\">cyberattaque<\/a> ayant conduit au vol de <a href=\"https:\/\/www.20minutes.fr\/dossier\/donnees_personnelles\" target=\"_blank\" class=\"color-ultramarine c-link\" rel=\"noopener\">donn\u00e9es personnelles<\/a> li\u00e9es \u00e0 6,4\u00a0millions de comptes clients, y compris des coordonn\u00e9es bancaires (IBAN).<\/p>\n<p>L\u2019incident, d\u00e9tect\u00e9 lundi et d\u00e9sormais contenu par les \u00e9quipes techniques, a entra\u00een\u00e9 la compromission de plusieurs types d\u2019informations\u00a0: coordonn\u00e9es, donn\u00e9es contractuelles, <a href=\"https:\/\/www.20minutes.fr\/dossier\/etat_civil\" target=\"_blank\" class=\"color-ultramarine c-link\" rel=\"noopener\">\u00e9tat civil<\/a> ou informations d\u2019entreprise pour les professionnels, ainsi que les IBAN. Dans un message adress\u00e9 aux abonn\u00e9s concern\u00e9s, l\u2019op\u00e9rateur a assur\u00e9 toutefois que \u00ab\u00a0les num\u00e9ros de <a href=\"https:\/\/www.20minutes.fr\/dossier\/carte_bancaire\" target=\"_blank\" class=\"color-ultramarine c-link\" rel=\"noopener\">cartes bancaires<\/a> et les <a href=\"https:\/\/www.20minutes.fr\/dossier\/mot_de_passe\" target=\"_blank\" class=\"color-ultramarine c-link\" rel=\"noopener\">mots de passe<\/a> de vos comptes Bouygues Telecom ne sont pas impact\u00e9s\u00a0\u00bb.<\/p>\n<\/p>\n<p>Les clients expos\u00e9s aux tentatives de fraude<\/p>\n<p>Bouygues Telecom a pr\u00e9venu par <a href=\"https:\/\/www.20minutes.fr\/dossier\/email\" target=\"_blank\" class=\"color-ultramarine c-link\" rel=\"noopener\">e-mail<\/a> ou <a href=\"https:\/\/www.20minutes.fr\/dossier\/sms\" target=\"_blank\" class=\"color-ultramarine c-link\" rel=\"noopener\">SMS<\/a> l\u2019ensemble des clients touch\u00e9s. Sur une page d\u2019information d\u00e9di\u00e9e, l\u2019entreprise alerte\u00a0: \u00ab\u00a0Cette situation pourrait vous exposer \u00e0 des tentatives de <a href=\"https:\/\/www.20minutes.fr\/dossier\/fraude\" target=\"_blank\" class=\"color-ultramarine c-link\" rel=\"noopener\">fraude\u00a0<\/a>: mail ou appels frauduleux. En se servant de vos donn\u00e9es, un fraudeur peut se faire passer pour Bouygues Telecom ou une autre soci\u00e9t\u00e9 et essayer par exemple d\u2019obtenir des informations compl\u00e9mentaires comme votre num\u00e9ro de carte bancaire ou vos identifiants et mots de passe.\u00a0\u00bb<\/p>\n<p><a href=\"https:\/\/www.20minutes.fr\/dossier\/cybercriminalite\" target=\"_blank\" class=\"c-link c-btn c-btn--primary\" rel=\"noopener\">Notre dossier sur la cybercriminalit\u00e9<\/a><\/p>\n<p>L\u2019op\u00e9rateur a d\u00e9pos\u00e9 plainte aupr\u00e8s des autorit\u00e9s judiciaires et signal\u00e9 la violation \u00e0 la Commission nationale de l\u2019informatique et des libert\u00e9s (<a href=\"https:\/\/www.20minutes.fr\/dossier\/cnil\" target=\"_blank\" class=\"color-ultramarine c-link\" rel=\"noopener\">CNIL<\/a>). Il recommande aux clients touch\u00e9s de rester vigilants face \u00e0 toute sollicitation suspecte. Il y a quelques jours, L\u2019op\u00e9rateur <a href=\"https:\/\/www.20minutes.fr\/dossier\/orange\" target=\"_blank\" class=\"color-ultramarine c-link\" rel=\"noopener\">Orange<\/a> avait aussi \u00e9t\u00e9 victime d\u2019une intrusion provoquant des perturbations pour des clients entreprises et des services grand public.<\/p>\n","protected":false},"excerpt":{"rendered":"Bouygues Telecom a confirm\u00e9 mercredi avoir \u00e9t\u00e9 victime d\u2019une importante cyberattaque ayant conduit au vol de donn\u00e9es personnelles&hellip;\n","protected":false},"author":2,"featured_media":301306,"comment_status":"","ping_status":"","sticky":false,"template":"","format":"standard","meta":{"footnotes":""},"categories":[6],"tags":[47,17402,35,11614,9233,2481,16968,654,33,34,25916,1011,27,1006,142,104],"class_list":{"0":"post-301305","1":"post","2":"type-post","3":"status-publish","4":"format-standard","5":"has-post-thumbnail","7":"category-economie","8":"tag-actualite","9":"tag-bouygues-telecom","10":"tag-business","11":"tag-carte-bancaire","12":"tag-cnil","13":"tag-cyberattaque","14":"tag-cybercriminalite","15":"tag-donnees-personnelles","16":"tag-economie","17":"tag-economy","18":"tag-etat-civil","19":"tag-fr","20":"tag-france","21":"tag-fraude","22":"tag-high-tech","23":"tag-societe"},"share_on_mastodon":{"url":"https:\/\/pubeurope.com\/@fr\/114984002800015596","error":""},"_links":{"self":[{"href":"https:\/\/www.europesays.com\/fr\/wp-json\/wp\/v2\/posts\/301305","targetHints":{"allow":["GET"]}}],"collection":[{"href":"https:\/\/www.europesays.com\/fr\/wp-json\/wp\/v2\/posts"}],"about":[{"href":"https:\/\/www.europesays.com\/fr\/wp-json\/wp\/v2\/types\/post"}],"author":[{"embeddable":true,"href":"https:\/\/www.europesays.com\/fr\/wp-json\/wp\/v2\/users\/2"}],"replies":[{"embeddable":true,"href":"https:\/\/www.europesays.com\/fr\/wp-json\/wp\/v2\/comments?post=301305"}],"version-history":[{"count":0,"href":"https:\/\/www.europesays.com\/fr\/wp-json\/wp\/v2\/posts\/301305\/revisions"}],"wp:featuredmedia":[{"embeddable":true,"href":"https:\/\/www.europesays.com\/fr\/wp-json\/wp\/v2\/media\/301306"}],"wp:attachment":[{"href":"https:\/\/www.europesays.com\/fr\/wp-json\/wp\/v2\/media?parent=301305"}],"wp:term":[{"taxonomy":"category","embeddable":true,"href":"https:\/\/www.europesays.com\/fr\/wp-json\/wp\/v2\/categories?post=301305"},{"taxonomy":"post_tag","embeddable":true,"href":"https:\/\/www.europesays.com\/fr\/wp-json\/wp\/v2\/tags?post=301305"}],"curies":[{"name":"wp","href":"https:\/\/api.w.org\/{rel}","templated":true}]}}