{"id":301311,"date":"2025-08-06T21:46:17","date_gmt":"2025-08-06T21:46:17","guid":{"rendered":"https:\/\/www.europesays.com\/fr\/301311\/"},"modified":"2025-08-06T21:46:17","modified_gmt":"2025-08-06T21:46:17","slug":"unieux-les-cours-danglais-seront-de-retour-des-le-mois-de-septembre-a-cote-quart","status":"publish","type":"post","link":"https:\/\/www.europesays.com\/fr\/301311\/","title":{"rendered":"Unieux. Les cours d\u2019anglais seront de retour d\u00e8s le mois de septembre \u00e0 C\u00f4te-Quart"},"content":{"rendered":"<blockquote class=\"question\"><p>Comment s\u2019est d\u00e9roul\u00e9e cette ann\u00e9e\u00a0?<\/p><\/blockquote>\n<p>\u00ab\u00a0L\u2019ann\u00e9e est pass\u00e9e super vite. J\u2019avais une soixantaine d\u2019\u00e9l\u00e8ves, enfants et adultes confondus. J\u2019ai ouvert un cours de faux d\u00e9butants, pour des gens qui avaient d\u00e9j\u00e0 fait de l\u2019anglais.<\/p>\n<p>J\u2019ai continu\u00e9 \u00e0 assurer les temps d\u2019activit\u00e9s p\u00e9riscolaires dans chacune des \u00e9coles d\u2019Unieux, tous les jours sauf le vendredi, par groupes de 5 \u00e0 17 enfants. La routine.<\/p>\n<p>Cette ann\u00e9e, je ne prends plus d\u2019enfants en dessous de 5 ans, je ne pourrai pas suivre leur&#8230;<\/p>\n","protected":false},"excerpt":{"rendered":"Comment s\u2019est d\u00e9roul\u00e9e cette ann\u00e9e\u00a0? \u00ab\u00a0L\u2019ann\u00e9e est pass\u00e9e super vite. J\u2019avais une soixantaine d\u2019\u00e9l\u00e8ves, enfants et adultes confondus.&hellip;\n","protected":false},"author":2,"featured_media":301312,"comment_status":"","ping_status":"","sticky":false,"template":"","format":"standard","meta":{"footnotes":""},"categories":[9653],"tags":[1111,11,2430,1687,7539,1777,674,1011,27,12,25,4001,14024,14025],"class_list":{"0":"post-301311","1":"post","2":"type-post","3":"status-publish","4":"format-standard","5":"has-post-thumbnail","7":"category-saint-etienne","8":"tag-actu","9":"tag-actualites","10":"tag-auvergne-rhone-alpes","11":"tag-culture-loisirs","12":"tag-edition-loire-sud","13":"tag-eu","14":"tag-europe","15":"tag-fr","16":"tag-france","17":"tag-news","18":"tag-republique-francaise","19":"tag-saint-etienne","20":"tag-unieux","21":"tag-unieux-bassin"},"share_on_mastodon":{"url":"https:\/\/pubeurope.com\/@fr\/114984018602077584","error":""},"_links":{"self":[{"href":"https:\/\/www.europesays.com\/fr\/wp-json\/wp\/v2\/posts\/301311","targetHints":{"allow":["GET"]}}],"collection":[{"href":"https:\/\/www.europesays.com\/fr\/wp-json\/wp\/v2\/posts"}],"about":[{"href":"https:\/\/www.europesays.com\/fr\/wp-json\/wp\/v2\/types\/post"}],"author":[{"embeddable":true,"href":"https:\/\/www.europesays.com\/fr\/wp-json\/wp\/v2\/users\/2"}],"replies":[{"embeddable":true,"href":"https:\/\/www.europesays.com\/fr\/wp-json\/wp\/v2\/comments?post=301311"}],"version-history":[{"count":0,"href":"https:\/\/www.europesays.com\/fr\/wp-json\/wp\/v2\/posts\/301311\/revisions"}],"wp:featuredmedia":[{"embeddable":true,"href":"https:\/\/www.europesays.com\/fr\/wp-json\/wp\/v2\/media\/301312"}],"wp:attachment":[{"href":"https:\/\/www.europesays.com\/fr\/wp-json\/wp\/v2\/media?parent=301311"}],"wp:term":[{"taxonomy":"category","embeddable":true,"href":"https:\/\/www.europesays.com\/fr\/wp-json\/wp\/v2\/categories?post=301311"},{"taxonomy":"post_tag","embeddable":true,"href":"https:\/\/www.europesays.com\/fr\/wp-json\/wp\/v2\/tags?post=301311"}],"curies":[{"name":"wp","href":"https:\/\/api.w.org\/{rel}","templated":true}]}}