{"id":301318,"date":"2025-08-06T21:50:11","date_gmt":"2025-08-06T21:50:11","guid":{"rendered":"https:\/\/www.europesays.com\/fr\/301318\/"},"modified":"2025-08-06T21:50:11","modified_gmt":"2025-08-06T21:50:11","slug":"portraits-croises-les-eleves-du-conservatoire-vus-par-hugues-doerr","status":"publish","type":"post","link":"https:\/\/www.europesays.com\/fr\/301318\/","title":{"rendered":"Portraits crois\u00e9s : les \u00e9l\u00e8ves du Conservatoire vus par Hugues Do\u00ebrr"},"content":{"rendered":"<p>Durant plusieurs s\u00e9ances, Hugues Do\u00ebrr a invit\u00e9 les \u00e9l\u00e8ves \u00e0 s\u2019interroger : que souhaite-t-on dire de soi en tant qu\u2019artiste ? Quelles facettes de sa pratique souhaite-t-on r\u00e9v\u00e9ler ? Jusqu\u2019o\u00f9 peut-on se laisser guider par le regard d\u2019un photographe ? Autant de questions qui ont nourri les \u00e9changes et les explorations artistiques.<\/p>\n<p>Ce travail collaboratif a abouti \u00e0 une magnifique s\u00e9rie de portraits, r\u00e9v\u00e9lant la singularit\u00e9 et la sensibilit\u00e9 de chaque \u00e9l\u00e8ve, dans le respect de leurs univers respectifs. Une exp\u00e9rience enrichissante, m\u00ealant cr\u00e9ation, introspection et dialogue entre disciplines artistiques.<\/p>\n","protected":false},"excerpt":{"rendered":"Durant plusieurs s\u00e9ances, Hugues Do\u00ebrr a invit\u00e9 les \u00e9l\u00e8ves \u00e0 s\u2019interroger : que souhaite-t-on dire de soi en&hellip;\n","protected":false},"author":2,"featured_media":301319,"comment_status":"","ping_status":"","sticky":false,"template":"","format":"standard","meta":{"footnotes":""},"categories":[9619],"tags":[1111,11,1777,674,1011,27,12,882,25,2310],"class_list":{"0":"post-301318","1":"post","2":"type-post","3":"status-publish","4":"format-standard","5":"has-post-thumbnail","7":"category-toulon","8":"tag-actu","9":"tag-actualites","10":"tag-eu","11":"tag-europe","12":"tag-fr","13":"tag-france","14":"tag-news","15":"tag-provence-alpes-cote-dazur","16":"tag-republique-francaise","17":"tag-toulon"},"share_on_mastodon":{"url":"https:\/\/pubeurope.com\/@fr\/114984034315733861","error":""},"_links":{"self":[{"href":"https:\/\/www.europesays.com\/fr\/wp-json\/wp\/v2\/posts\/301318","targetHints":{"allow":["GET"]}}],"collection":[{"href":"https:\/\/www.europesays.com\/fr\/wp-json\/wp\/v2\/posts"}],"about":[{"href":"https:\/\/www.europesays.com\/fr\/wp-json\/wp\/v2\/types\/post"}],"author":[{"embeddable":true,"href":"https:\/\/www.europesays.com\/fr\/wp-json\/wp\/v2\/users\/2"}],"replies":[{"embeddable":true,"href":"https:\/\/www.europesays.com\/fr\/wp-json\/wp\/v2\/comments?post=301318"}],"version-history":[{"count":0,"href":"https:\/\/www.europesays.com\/fr\/wp-json\/wp\/v2\/posts\/301318\/revisions"}],"wp:featuredmedia":[{"embeddable":true,"href":"https:\/\/www.europesays.com\/fr\/wp-json\/wp\/v2\/media\/301319"}],"wp:attachment":[{"href":"https:\/\/www.europesays.com\/fr\/wp-json\/wp\/v2\/media?parent=301318"}],"wp:term":[{"taxonomy":"category","embeddable":true,"href":"https:\/\/www.europesays.com\/fr\/wp-json\/wp\/v2\/categories?post=301318"},{"taxonomy":"post_tag","embeddable":true,"href":"https:\/\/www.europesays.com\/fr\/wp-json\/wp\/v2\/tags?post=301318"}],"curies":[{"name":"wp","href":"https:\/\/api.w.org\/{rel}","templated":true}]}}