{"id":301329,"date":"2025-08-06T22:01:44","date_gmt":"2025-08-06T22:01:44","guid":{"rendered":"https:\/\/www.europesays.com\/fr\/301329\/"},"modified":"2025-08-06T22:01:44","modified_gmt":"2025-08-06T22:01:44","slug":"une-arrivee-en-grande-pompe-rassure-les-supporters-avant-le-choc-face-a-lom","status":"publish","type":"post","link":"https:\/\/www.europesays.com\/fr\/301329\/","title":{"rendered":"Une arriv\u00e9e en grande pompe rassure les supporters avant le choc face \u00e0 l&rsquo;OM"},"content":{"rendered":"<p>                                            Publi\u00e9 le 06\/08\/2025 \u00e0 09h30<br \/>\n                                                                                3 minutes de lecture\n                                                                    <\/p>\n<p>Le mercato hivernal du <strong>Stade Rennais<\/strong> s\u00a0\u00bbenrichit d&rsquo;un renfort de taille avec l&rsquo;arriv\u00e9e de <strong>Przemyslaw Frankowski<\/strong> en provenance de <strong>Galatasaray<\/strong>. Cette op\u00e9ration, men\u00e9e sous la forme d&rsquo;un pr\u00eat, illustre parfaitement la strat\u00e9gie de recrutement cibl\u00e9e du club breton pour la seconde partie de saison. L&rsquo;international polonais, qui \u00e9voluait dans le championnat turc, apporte son exp\u00e9rience europ\u00e9enne et sa polyvalence tactique \u00e0 l&rsquo;effectif rennais. Cette acquisition t\u00e9moigne de l&rsquo;ambition du Stade Rennais de renforcer ses rangs avec des joueurs confirm\u00e9s, capables de s&rsquo;adapter rapidement aux exigences du football fran\u00e7ais. Le timing de ce transfert, r\u00e9alis\u00e9 durant la p\u00e9riode hivernale des transferts, permet au club de combler certains besoins identifi\u00e9s par le staff technique et de pr\u00e9parer au mieux les \u00e9ch\u00e9ances \u00e0 venir.<\/p>\n<p>                                <img decoding=\"async\" src=\"https:\/\/www.europesays.com\/fr\/wp-content\/uploads\/2025\/04\/1744123449_543_logo.png\" alt=\"Logo\"\/><\/p>\n<p>100\u20ac offerts sur ton 1er pari !<\/p>\n<p>                            <a href=\"https:\/\/bit.ly\/4j5wl4k\" class=\"headband-button\" rel=\"nofollow noopener\" target=\"_blank\">J&rsquo;en profite<\/a><\/p>\n<p>                                                                <img loading=\"lazy\" decoding=\"async\" src=\"https:\/\/www.europesays.com\/fr\/wp-content\/uploads\/2025\/08\/mercato-rennes-une-arrivee-en-grande-pompe-rassure-les-supporters-avant-le-choc-face-a-l-om.jpg\" alt=\"Illustration : &quot;Mercato Rennes : Une arriv\u00e9e en grande pompe rassure les supporters avant le choc face \u00e0 l'OM&quot;\" class=\"figure-img img-fluid\" width=\"780\" height=\"478\"\/><\/p>\n<p>                                    \u00a9 Site officiel du SRFC                                 <\/p>\n<p>Un profil exp\u00e9riment\u00e9 au service du projet rennais<\/p>\n<p><strong>Przemyslaw Frankowski<\/strong> arrive en Bretagne avec un bagage technique et tactique consid\u00e9rable, forg\u00e9 notamment lors de son passage \u00e0 <strong>Galatasaray<\/strong>. Son exp\u00e9rience du haut niveau europ\u00e9en constitue un atout majeur pour le Stade Rennais, qui cherche \u00e0 consolider sa position dans l&rsquo;\u00e9lite du football fran\u00e7ais. La formule du pr\u00eat choisie pour cette op\u00e9ration permet au club breton de tester les capacit\u00e9s d&rsquo;adaptation du joueur polonais sans engagement financier d\u00e9finitif. Cette approche pragmatique s&rsquo;inscrit dans une logique de gestion prudente des ressources, tout en offrant l&rsquo;opportunit\u00e9 d&rsquo;\u00e9valuer concr\u00e8tement l&rsquo;apport du joueur sur le terrain. L&rsquo;int\u00e9gration de <strong>Frankowski<\/strong> dans l&rsquo;effectif rennais devrait apporter une dimension suppl\u00e9mentaire \u00e0 l&rsquo;\u00e9quipe, gr\u00e2ce \u00e0 sa polyvalence et \u00e0 sa connaissance des diff\u00e9rents syst\u00e8mes de jeu europ\u00e9ens.<\/p>\n<p>Les enjeux tactiques et sportifs de ce recrutement<\/p>\n<p>L&rsquo;arriv\u00e9e de <strong>Przemyslaw Frankowski<\/strong> au <strong>Stade Rennais<\/strong> r\u00e9pond \u00e0 des besoins sp\u00e9cifiques identifi\u00e9s par l&rsquo;encadrement technique du club. Sa capacit\u00e9 \u00e0 \u00e9voluer \u00e0 diff\u00e9rents postes offre des solutions tactiques vari\u00e9es \u00e0 l&rsquo;entra\u00eeneur rennais, permettant d&rsquo;adapter les sch\u00e9mas de jeu selon les adversaires rencontr\u00e9s. Cette flexibilit\u00e9 tactique devient cruciale dans un championnat fran\u00e7ais de plus en plus exigeant, o\u00f9 la capacit\u00e9 d&rsquo;adaptation constitue souvent la cl\u00e9 du succ\u00e8s. Le joueur polonais apporte \u00e9galement son exp\u00e9rience des comp\u00e9titions europ\u00e9ennes, acquise notamment lors de son passage \u00e0 <strong>Galatasaray<\/strong>, club habitu\u00e9 aux joutes continentales. Cette dimension internationale pourrait s&rsquo;av\u00e9rer pr\u00e9cieuse si le Stade Rennais venait \u00e0 se qualifier pour les comp\u00e9titions europ\u00e9ennes, objectif qui reste dans les ambitions du club breton.<\/p>\n<p>Perspectives d&rsquo;avenir et int\u00e9gration<\/p>\n<p>Ce pr\u00eat de <strong>Przemyslaw Frankowski<\/strong> s&rsquo;inscrit dans une d\u00e9marche de renforcement cibl\u00e9 de l&rsquo;effectif rennais pour la suite de la saison. L&rsquo;adaptation du joueur polonais au style de jeu fran\u00e7ais et \u00e0 l&rsquo;environnement du <strong>Stade Rennais<\/strong> constituera un enjeu majeur des prochaines semaines. La r\u00e9ussite de cette op\u00e9ration d\u00e9pendra largement de la capacit\u00e9 du joueur \u00e0 s&rsquo;int\u00e9grer rapidement dans les automatismes collectifs et \u00e0 r\u00e9pondre aux attentes du staff technique. Cette p\u00e9riode d&rsquo;observation mutuelle permettra aux deux parties d&rsquo;\u00e9valuer la pertinence d&rsquo;une collaboration plus durable \u00e0 l&rsquo;avenir.<\/p>\n<p>Vendredi 15 ao\u00fbt, la Ligue 1 reprend ses droits avec un choc entre le Stade Rennais et l\u2019Olympique de Marseille au Roazhon Park. \u00c0 cette occasion, profitez de 100\u20ac offerts pour votre premi\u00e8re inscription sur Parions Sport en Ligne. <a href=\"http:\/\/bit.ly\/4hgs1yE\" rel=\"nofollow noopener\" target=\"_blank\"><strong>Une victoire du Stade Rennais devant son public face \u00e0 l\u2019OM vous rapporte jusqu\u2019\u00e0 315\u20ac !<\/strong><\/a><\/p>\n<p><strong>Pour en profiter, c\u2019est tr\u00e8s simple :<\/strong><\/p>\n<p>&#8211;              Cr\u00e9ez votre compte joueur en seulement 2 \u00e9tapes <a href=\"http:\/\/bit.ly\/4hgs1yE\" rel=\"nofollow noopener\" target=\"_blank\"><strong>ici<\/strong><\/a><\/p>\n<p>&#8211;              R\u00e9alisez votre 1er d\u00e9p\u00f4t puis placez votre 1er pari (Minimum 5\u20ac)<\/p>\n<p>&#8211;              Une fois votre 1er d\u00e9p\u00f4t et votre 1er pari r\u00e9alis\u00e9s, l\u2019int\u00e9gralit\u00e9 du montant de ce 1er pari sera cr\u00e9dit\u00e9e sur votre compte joueur dans la limite de 100\u20ac maximum et sous la forme de cr\u00e9dits de jeu non retirables. Le cr\u00e9dit s\u2019effectuera alors en une seule \u00e9tape et sous 3 jours<\/p>\n<p>Jouer comporte des risques : endettement, d\u00e9pendance\u2026 Appelez le 09 74 75 13 13 (appel non surtax\u00e9)<\/p>\n","protected":false},"excerpt":{"rendered":"Publi\u00e9 le 06\/08\/2025 \u00e0 09h30 3 minutes de lecture Le mercato hivernal du Stade Rennais s\u00a0\u00bbenrichit d&rsquo;un renfort&hellip;\n","protected":false},"author":2,"featured_media":301330,"comment_status":"","ping_status":"","sticky":false,"template":"","format":"standard","meta":{"footnotes":""},"categories":[2821],"tags":[1111,11,829,1777,674,1011,27,12,584,25],"class_list":{"0":"post-301329","1":"post","2":"type-post","3":"status-publish","4":"format-standard","5":"has-post-thumbnail","7":"category-rennes","8":"tag-actu","9":"tag-actualites","10":"tag-bretagne","11":"tag-eu","12":"tag-europe","13":"tag-fr","14":"tag-france","15":"tag-news","16":"tag-rennes","17":"tag-republique-francaise"},"share_on_mastodon":{"url":"https:\/\/pubeurope.com\/@fr\/114984077499506611","error":""},"_links":{"self":[{"href":"https:\/\/www.europesays.com\/fr\/wp-json\/wp\/v2\/posts\/301329","targetHints":{"allow":["GET"]}}],"collection":[{"href":"https:\/\/www.europesays.com\/fr\/wp-json\/wp\/v2\/posts"}],"about":[{"href":"https:\/\/www.europesays.com\/fr\/wp-json\/wp\/v2\/types\/post"}],"author":[{"embeddable":true,"href":"https:\/\/www.europesays.com\/fr\/wp-json\/wp\/v2\/users\/2"}],"replies":[{"embeddable":true,"href":"https:\/\/www.europesays.com\/fr\/wp-json\/wp\/v2\/comments?post=301329"}],"version-history":[{"count":0,"href":"https:\/\/www.europesays.com\/fr\/wp-json\/wp\/v2\/posts\/301329\/revisions"}],"wp:featuredmedia":[{"embeddable":true,"href":"https:\/\/www.europesays.com\/fr\/wp-json\/wp\/v2\/media\/301330"}],"wp:attachment":[{"href":"https:\/\/www.europesays.com\/fr\/wp-json\/wp\/v2\/media?parent=301329"}],"wp:term":[{"taxonomy":"category","embeddable":true,"href":"https:\/\/www.europesays.com\/fr\/wp-json\/wp\/v2\/categories?post=301329"},{"taxonomy":"post_tag","embeddable":true,"href":"https:\/\/www.europesays.com\/fr\/wp-json\/wp\/v2\/tags?post=301329"}],"curies":[{"name":"wp","href":"https:\/\/api.w.org\/{rel}","templated":true}]}}