{"id":301335,"date":"2025-08-06T22:04:10","date_gmt":"2025-08-06T22:04:10","guid":{"rendered":"https:\/\/www.europesays.com\/fr\/301335\/"},"modified":"2025-08-06T22:04:10","modified_gmt":"2025-08-06T22:04:10","slug":"vive-emotion-apres-le-deces-du-lieutenant-christophe-ottonello-les-sapeurs-pompiers-de-nice-lui-rendent-hommage","status":"publish","type":"post","link":"https:\/\/www.europesays.com\/fr\/301335\/","title":{"rendered":"Vive \u00e9motion apr\u00e8s le d\u00e9c\u00e8s du lieutenant Christophe Ottonello, les sapeurs-pompiers de Nice lui rendent hommage"},"content":{"rendered":"<p>\u00ab\u00a0Un proche, un ami, un coll\u00e8gue. Il a marqu\u00e9 chacun de nous par sa sinc\u00e9rit\u00e9 et sa personnalit\u00e9.\u00a0\u00bb Le lieutenant de deuxi\u00e8me classe Christophe Ottonello est d\u00e9c\u00e9d\u00e9 dimanche 3 ao\u00fbt, \u00e0 Contes, \u00e0 l\u2019\u00e2ge de 57 ans.<\/p>\n<p>La disparition de ce sapeur-pompier suscite l\u2019\u00e9motion chez ses coll\u00e8gues, comme sur les r\u00e9seaux sociaux.<\/p>\n<p>Sa vie? Christophe Ottonello l\u2019a d\u00e9di\u00e9e aux autres, \u00e0 ceux dans le besoin. Sorti de la promotion 1984 de l\u2019Institut Saint-Joseph de Nice, il \u00e9tudie \u00e0 l\u2019universit\u00e9 C\u00f4te d\u2019Azur avant d\u2019embrasser la carri\u00e8re de sapeur-pompier, au sein du Service d\u00e9partemental d\u2019incendie et de secours, aux c\u00f4t\u00e9s des 1.238 autres pompiers professionnels.<\/p>\n<p>La Compagnie des pompiers de Nice a, sur Facebook, rendu hommage \u00e0 \u00ab\u00a0ce tr\u00e8s regrett\u00e9 fr\u00e8re d\u2019arme, \u00e9galement en poste comme officier de centre et chef de groupe aux casernes Bon Voyage et Hancy\u00a0\u00bb.<\/p>\n<p>Un pompier, un p\u00e8re<\/p>\n<p>Plus qu\u2019un pompier, Christophe Ottonello \u00e9tait un p\u00e8re, qui laisse derri\u00e8re lui trois enfants, Enzo, Marie et Clara, au profit desquels ses coll\u00e8gues de la compagnie de Nice ont \u00ab\u00a0cr\u00e9\u00e9 une cagnotte pour donner \u00e0 chacun la possibilit\u00e9 de faire un geste.\u00a0\u00bb<\/p>\n<p>Signe de l\u2019\u00e9motion qui a accompagn\u00e9 l\u2019annonce de cette disparition, elle a r\u00e9colt\u00e9 en quelques heures plus de 4.000 euros.<\/p>\n<p>Les obs\u00e8ques de Christophe Ottonello se d\u00e9rouleront vendredi 8 ao\u00fbt, \u00e0 13 heures, au cr\u00e9matorium de Colomars. Une d\u00e9l\u00e9gation des sapeurs-pompiers de Nice y est notamment attendue.<\/p>\n","protected":false},"excerpt":{"rendered":"\u00ab\u00a0Un proche, un ami, un coll\u00e8gue. Il a marqu\u00e9 chacun de nous par sa sinc\u00e9rit\u00e9 et sa personnalit\u00e9.\u00a0\u00bb&hellip;\n","protected":false},"author":2,"featured_media":301336,"comment_status":"","ping_status":"","sticky":false,"template":"","format":"standard","meta":{"footnotes":""},"categories":[2819],"tags":[1111,11,1777,674,1011,27,12,2401,882,25,3366],"class_list":{"0":"post-301335","1":"post","2":"type-post","3":"status-publish","4":"format-standard","5":"has-post-thumbnail","7":"category-nice","8":"tag-actu","9":"tag-actualites","10":"tag-eu","11":"tag-europe","12":"tag-fr","13":"tag-france","14":"tag-news","15":"tag-nice","16":"tag-provence-alpes-cote-dazur","17":"tag-republique-francaise","18":"tag-vie-locale"},"share_on_mastodon":{"url":"https:\/\/pubeurope.com\/@fr\/114984089449254561","error":""},"_links":{"self":[{"href":"https:\/\/www.europesays.com\/fr\/wp-json\/wp\/v2\/posts\/301335","targetHints":{"allow":["GET"]}}],"collection":[{"href":"https:\/\/www.europesays.com\/fr\/wp-json\/wp\/v2\/posts"}],"about":[{"href":"https:\/\/www.europesays.com\/fr\/wp-json\/wp\/v2\/types\/post"}],"author":[{"embeddable":true,"href":"https:\/\/www.europesays.com\/fr\/wp-json\/wp\/v2\/users\/2"}],"replies":[{"embeddable":true,"href":"https:\/\/www.europesays.com\/fr\/wp-json\/wp\/v2\/comments?post=301335"}],"version-history":[{"count":0,"href":"https:\/\/www.europesays.com\/fr\/wp-json\/wp\/v2\/posts\/301335\/revisions"}],"wp:featuredmedia":[{"embeddable":true,"href":"https:\/\/www.europesays.com\/fr\/wp-json\/wp\/v2\/media\/301336"}],"wp:attachment":[{"href":"https:\/\/www.europesays.com\/fr\/wp-json\/wp\/v2\/media?parent=301335"}],"wp:term":[{"taxonomy":"category","embeddable":true,"href":"https:\/\/www.europesays.com\/fr\/wp-json\/wp\/v2\/categories?post=301335"},{"taxonomy":"post_tag","embeddable":true,"href":"https:\/\/www.europesays.com\/fr\/wp-json\/wp\/v2\/tags?post=301335"}],"curies":[{"name":"wp","href":"https:\/\/api.w.org\/{rel}","templated":true}]}}