{"id":301349,"date":"2025-08-06T22:15:11","date_gmt":"2025-08-06T22:15:11","guid":{"rendered":"https:\/\/www.europesays.com\/fr\/301349\/"},"modified":"2025-08-06T22:15:11","modified_gmt":"2025-08-06T22:15:11","slug":"jaime-travailler-avec-des-gens-dont-je-ne-comprends-pas-la-langue","status":"publish","type":"post","link":"https:\/\/www.europesays.com\/fr\/301349\/","title":{"rendered":"J\u2019aime travailler avec des gens dont je ne comprends pas la langue"},"content":{"rendered":"<p>Vingt ans apr\u00e8s ses d\u00e9buts, Yuksek continue d\u2019explorer l\u2019infinit\u00e9 de la musique \u00e9lectronique. Celui qui s\u2019est pleinement inscrit dans le mouvement French touch propose un son dansant aux accents disco et house. Musicien, producteur, DJ, compositeur de musiques de film, photographe\u2026 Pierre-Alexandre Busson (son vrai nom) est tout \u00e0 la fois. Il est en concert au fort Saint-Jean, ce vendredi 8\u00a0ao\u00fbt, pour la semaine \u00ab\u00a0Sous les \u00e9toiles\u00a0\u00bb organis\u00e9e par le Mucem.<\/p>\n<p><strong>Vous jouez au Mucem dans le cadre de l\u2019exposition \u00ab\u00a0Lire le ciel\u00a0\u00bb, est-ce que \u00e7a vous fait r\u00eaver le ciel, l\u2019espace\u00a0?<\/strong>&#13;\n<\/p>\n<p>Oui c\u2019est m\u00eame une passion\u00a0! J\u2019avais d\u2019ailleurs fait un clip avec <a href=\"https:\/\/www.laprovence.com\/article\/societe\/4475762\/thomas-pesquet.html\" target=\"_blank\" rel=\"nofollow noopener\">Thomas Pesquet<\/a> sur la chanson Live Alone (sortie en 2017, NDLR). J\u2019ai vraiment une passion pour l\u2019a\u00e9ronautique, l\u2019espace, l\u2019infini. J\u2019avais d\u00e9j\u00e0 jou\u00e9 au <a href=\"https:\/\/www.laprovence.com\/article\/region\/6467080030844614\/la-folle-histoire-du-fort-saint-jean-symbole-du-patrimoine-marseillais\" target=\"_blank\" rel=\"nofollow noopener\">fort Saint-Jean<\/a> (en septembre\u00a02023, NDLR) et l\u2019emplacement est incroyable.<\/p>\n","protected":false},"excerpt":{"rendered":"Vingt ans apr\u00e8s ses d\u00e9buts, Yuksek continue d\u2019explorer l\u2019infinit\u00e9 de la musique \u00e9lectronique. Celui qui s\u2019est pleinement inscrit&hellip;\n","protected":false},"author":2,"featured_media":301350,"comment_status":"","ping_status":"","sticky":false,"template":"","format":"standard","meta":{"footnotes":""},"categories":[2814],"tags":[17,1111,11,3396,1697,251,154,1777,674,1011,27,23042,884,6864,12,882,25,16724,44145],"class_list":{"0":"post-301349","1":"post","2":"type-post","3":"status-publish","4":"format-standard","5":"has-post-thumbnail","7":"category-marseille","8":"tag-17","9":"tag-actu","10":"tag-actualites","11":"tag-avec","12":"tag-concert","13":"tag-culture","14":"tag-des","15":"tag-eu","16":"tag-europe","17":"tag-fr","18":"tag-france","19":"tag-jaime","20":"tag-marseille","21":"tag-mucem","22":"tag-news","23":"tag-provence-alpes-cote-dazur","24":"tag-republique-francaise","25":"tag-travailler","26":"tag-yuksek"},"share_on_mastodon":{"url":"https:\/\/pubeurope.com\/@fr\/114984132584994108","error":""},"_links":{"self":[{"href":"https:\/\/www.europesays.com\/fr\/wp-json\/wp\/v2\/posts\/301349","targetHints":{"allow":["GET"]}}],"collection":[{"href":"https:\/\/www.europesays.com\/fr\/wp-json\/wp\/v2\/posts"}],"about":[{"href":"https:\/\/www.europesays.com\/fr\/wp-json\/wp\/v2\/types\/post"}],"author":[{"embeddable":true,"href":"https:\/\/www.europesays.com\/fr\/wp-json\/wp\/v2\/users\/2"}],"replies":[{"embeddable":true,"href":"https:\/\/www.europesays.com\/fr\/wp-json\/wp\/v2\/comments?post=301349"}],"version-history":[{"count":0,"href":"https:\/\/www.europesays.com\/fr\/wp-json\/wp\/v2\/posts\/301349\/revisions"}],"wp:featuredmedia":[{"embeddable":true,"href":"https:\/\/www.europesays.com\/fr\/wp-json\/wp\/v2\/media\/301350"}],"wp:attachment":[{"href":"https:\/\/www.europesays.com\/fr\/wp-json\/wp\/v2\/media?parent=301349"}],"wp:term":[{"taxonomy":"category","embeddable":true,"href":"https:\/\/www.europesays.com\/fr\/wp-json\/wp\/v2\/categories?post=301349"},{"taxonomy":"post_tag","embeddable":true,"href":"https:\/\/www.europesays.com\/fr\/wp-json\/wp\/v2\/tags?post=301349"}],"curies":[{"name":"wp","href":"https:\/\/api.w.org\/{rel}","templated":true}]}}