{"id":301355,"date":"2025-08-06T22:18:12","date_gmt":"2025-08-06T22:18:12","guid":{"rendered":"https:\/\/www.europesays.com\/fr\/301355\/"},"modified":"2025-08-06T22:18:12","modified_gmt":"2025-08-06T22:18:12","slug":"necrologie-jacques-senebier-ancien-flic-engage-sen-est-alle","status":"publish","type":"post","link":"https:\/\/www.europesays.com\/fr\/301355\/","title":{"rendered":"N\u00e9crologie. Jacques Senebier, ancien flic engag\u00e9, s\u2019en est all\u00e9"},"content":{"rendered":"<p>Jacques Senebier, n\u00e9 le 30\u00a0janvier 1938 \u00e0 Grenoble, s\u2019est \u00e9teint dimanche 27\u00a0juillet \u00e0 Lyon. Il est parti paisiblement dans son sommeil \u00e0 l\u2019\u00e2ge de 87 ans.<\/p>\n<p>Orphelin de p\u00e8re \u00e0 13 ans, Jacques \u00e9tait devenu policier en souvenir de ce patriarche qu\u2019il admirait, Edmond Senebier, lui-m\u00eame flic et R\u00e9sistant. Homme de terrain et d\u2019\u00e9coute, Jacques Senebier a d\u2019abord&#8230;<\/p>\n","protected":false},"excerpt":{"rendered":"Jacques Senebier, n\u00e9 le 30\u00a0janvier 1938 \u00e0 Grenoble, s\u2019est \u00e9teint dimanche 27\u00a0juillet \u00e0 Lyon. Il est parti paisiblement&hellip;\n","protected":false},"author":2,"featured_media":301356,"comment_status":"","ping_status":"","sticky":false,"template":"","format":"standard","meta":{"footnotes":""},"categories":[1889],"tags":[1111,11,2430,9223,2757,1777,674,1011,27,2428,2756,1391,12,25,104],"class_list":{"0":"post-301355","1":"post","2":"type-post","3":"status-publish","4":"format-standard","5":"has-post-thumbnail","7":"category-lyon","8":"tag-actu","9":"tag-actualites","10":"tag-auvergne-rhone-alpes","11":"tag-carnet-du-jour","12":"tag-edition-lyon-villeurbanne","13":"tag-eu","14":"tag-europe","15":"tag-fr","16":"tag-france","17":"tag-lyon","18":"tag-lyon-bassin","19":"tag-necrologie","20":"tag-news","21":"tag-republique-francaise","22":"tag-societe"},"share_on_mastodon":{"url":"https:\/\/pubeurope.com\/@fr\/114984144240973648","error":""},"_links":{"self":[{"href":"https:\/\/www.europesays.com\/fr\/wp-json\/wp\/v2\/posts\/301355","targetHints":{"allow":["GET"]}}],"collection":[{"href":"https:\/\/www.europesays.com\/fr\/wp-json\/wp\/v2\/posts"}],"about":[{"href":"https:\/\/www.europesays.com\/fr\/wp-json\/wp\/v2\/types\/post"}],"author":[{"embeddable":true,"href":"https:\/\/www.europesays.com\/fr\/wp-json\/wp\/v2\/users\/2"}],"replies":[{"embeddable":true,"href":"https:\/\/www.europesays.com\/fr\/wp-json\/wp\/v2\/comments?post=301355"}],"version-history":[{"count":0,"href":"https:\/\/www.europesays.com\/fr\/wp-json\/wp\/v2\/posts\/301355\/revisions"}],"wp:featuredmedia":[{"embeddable":true,"href":"https:\/\/www.europesays.com\/fr\/wp-json\/wp\/v2\/media\/301356"}],"wp:attachment":[{"href":"https:\/\/www.europesays.com\/fr\/wp-json\/wp\/v2\/media?parent=301355"}],"wp:term":[{"taxonomy":"category","embeddable":true,"href":"https:\/\/www.europesays.com\/fr\/wp-json\/wp\/v2\/categories?post=301355"},{"taxonomy":"post_tag","embeddable":true,"href":"https:\/\/www.europesays.com\/fr\/wp-json\/wp\/v2\/tags?post=301355"}],"curies":[{"name":"wp","href":"https:\/\/api.w.org\/{rel}","templated":true}]}}