{"id":301357,"date":"2025-08-06T22:21:17","date_gmt":"2025-08-06T22:21:17","guid":{"rendered":"https:\/\/www.europesays.com\/fr\/301357\/"},"modified":"2025-08-06T22:21:17","modified_gmt":"2025-08-06T22:21:17","slug":"pourquoi-est-il-si-rapide-et-si-violent","status":"publish","type":"post","link":"https:\/\/www.europesays.com\/fr\/301357\/","title":{"rendered":"pourquoi est-il si rapide et si violent ?"},"content":{"rendered":"<p>            lire plus tard<\/p>\n<p id=\"dialog__title\" class=\"dialog__title\">Pour sauvegarder cet article, connectez-vous ou cr\u00e9ez un compte franceinfo<\/p>\n<p class=\"dialog__description\">Sans paiement. Sans abonnement.<\/p>\n<p>        Fermer la fen\u00eatre d\u2019activation des notifications France Info<\/p>\n<p>            cr\u00e9er votre compte<\/p>\n<p>            se connecter<\/p>\n<p>        Fermer la fen\u00eatre de pr\u00e9sentation<\/p>\n<p>    Publi\u00e9 le 06\/08\/2025 21:59<\/p>\n<p>        Temps de lecture : 2min &#8211; vid\u00e9o : 2min<\/p>\n<p>    <img decoding=\"async\" class=\"francetv-player-wrapper__image\" alt=\"Incendie meurtrier dans l'Aude : pourquoi est-il si rapide et si violent ?\"  width=\"432\" height=\"243\" src=\"https:\/\/www.europesays.com\/fr\/wp-content\/uploads\/2025\/08\/video-74-6893b313812b4532932033.jpg\" fetchpriority=\"high\"\/><\/p>\n<p>              Incendie meurtrier dans l&rsquo;Aude : pourquoi est-il si rapide et si violent ?<br \/>\n                    (France 2)<\/p>\n<p>      2min<\/p>\n<p>\n  L\u2019incendie dans l\u2019Aude continue de faire rage mercredi 6 ao\u00fbt. Comment les flammes ont-elles pu ravager 16 000 hectares en moins de 24 h ? L&rsquo;incendie s&rsquo;est propag\u00e9 \u00e0 une vitesse in\u00e9dite.\n<\/p>\n<p><strong>Ce texte correspond \u00e0 une partie de la retranscription du reportage ci-dessus. Cliquez sur la vid\u00e9o pour la regarder dans son int\u00e9gralit\u00e9.<\/strong><\/p>\n<p>Un \u00e9pais panache de fum\u00e9e surplombe mercredi 6 ao\u00fbt la petite station baln\u00e9aire de Banyuls-sur-Mer (Pyr\u00e9n\u00e9es-Orientales), pourtant situ\u00e9e \u00e0 150 km <a href=\"https:\/\/www.franceinfo.fr\/environnement\/evenements-meteorologiques-extremes\/incendies-et-feux-de-foret\/incendie-meurtrier-dans-l-aude\/recit-le-feu-a-fonce-sur-le-village-a-une-vitesse-impressionnante-comment-un-incendie-a-embrase-l-aude-en-quelques-heures_7420963.html\" target=\"_blank\" rel=\"noopener nofollow\">du feu qui s&rsquo;est d\u00e9clar\u00e9 la veille dans le d\u00e9partement voisin de l\u2019Aude, \u00e0 Ribaute<\/a>.<\/p>\n<p>Depuis l&rsquo;espace, \u00e0 40 000 km d&rsquo;altitude, il est possible de voir l&rsquo;ampleur exceptionnelle de l\u2019incendie, le plus important de l&rsquo;\u00e9t\u00e9. Le feu a progress\u00e9 tr\u00e8s vite. Mardi 5 ao\u00fbt, \u00e0 20 h, les flammes avaient d\u00e9j\u00e0 parcouru pr\u00e8s de 2 400 hectares. Trois heures plus tard, le chiffre avait tripl\u00e9 : 7 000 hectares. Mercredi, dans la soir\u00e9e, ce sont 16 000 hectares qui sont d\u00e9j\u00e0 partis en fum\u00e9e. Les pompiers ont d\u00fb lutter contre un feu qui avance \u00e0 plus de 5 km\/heure, une vitesse rarement atteinte, \u00e9quivalente \u00e0 celle d&rsquo;une marche rapide. En cause, ce que l&rsquo;on appelle un \u00ab\u00a0cocktail explosif\u00a0\u00bb.<\/p>\n<p>\u00ab\u00a0Les rafales de 65 km\/h sont un \u00e9l\u00e9ment d\u00e9terminant pour la propagation du feu. Et nous avions \u00e9galement une humidit\u00e9 dans l&rsquo;air tr\u00e8s basse, \u00e0 25 % et des conditions de temp\u00e9rature \u00e0 plus de 35 degr\u00e9s\u00a0\u00bb, d\u00e9taille Christopje Magny, chef de corps des sapeurs-pompiers de l\u2019Aude.<\/p>\n<p>Autre facteur : les \u00e9pisodes de s\u00e9cheresse qui se multiplient dans le d\u00e9partement depuis plusieurs ann\u00e9es. Les arbustes, comme les pins, sont hautement inflammables et les pare-feu moins nombreux. \u00ab\u00a0L&rsquo;att\u00e9nuation de la surface des vignes, avec l&rsquo;arrachage des vignes dans les vallons des Corbi\u00e8res, fait place \u00e0 des broussailles, \u00e0 des friches qui permettent la continuit\u00e9 du feu, d&rsquo;un massif \u00e0 un autre\u00a0\u00bb, explique Guillaume Trichaud, m\u00e9t\u00e9orologue sp\u00e9cialiste des feux chez M\u00e9t\u00e9o-France.<\/p>\n<p>En r\u00e9chauffant l&rsquo;air, l\u2019incendie a g\u00e9n\u00e9r\u00e9 un pyrocumulus. Il pourrait entra\u00eener des vents impr\u00e9visibles et compliquer la t\u00e2che des pompiers.<\/p>\n","protected":false},"excerpt":{"rendered":"lire plus tard Pour sauvegarder cet article, connectez-vous ou cr\u00e9ez un compte franceinfo Sans paiement. Sans abonnement. Fermer&hellip;\n","protected":false},"author":2,"featured_media":301358,"comment_status":"","ping_status":"","sticky":false,"template":"","format":"standard","meta":{"footnotes":""},"categories":[1888],"tags":[1111,1928,11,1927,1777,674,1011,27,12,1926,626,1925,25],"class_list":{"0":"post-301357","1":"post","2":"type-post","3":"status-publish","4":"format-standard","5":"has-post-thumbnail","7":"category-paris","8":"tag-actu","9":"tag-actu-paris","10":"tag-actualites","11":"tag-actualites-paris","12":"tag-eu","13":"tag-europe","14":"tag-fr","15":"tag-france","16":"tag-news","17":"tag-news-paris","18":"tag-paris","19":"tag-paris-news","20":"tag-republique-francaise"},"share_on_mastodon":{"url":"https:\/\/pubeurope.com\/@fr\/114984156385516913","error":""},"_links":{"self":[{"href":"https:\/\/www.europesays.com\/fr\/wp-json\/wp\/v2\/posts\/301357","targetHints":{"allow":["GET"]}}],"collection":[{"href":"https:\/\/www.europesays.com\/fr\/wp-json\/wp\/v2\/posts"}],"about":[{"href":"https:\/\/www.europesays.com\/fr\/wp-json\/wp\/v2\/types\/post"}],"author":[{"embeddable":true,"href":"https:\/\/www.europesays.com\/fr\/wp-json\/wp\/v2\/users\/2"}],"replies":[{"embeddable":true,"href":"https:\/\/www.europesays.com\/fr\/wp-json\/wp\/v2\/comments?post=301357"}],"version-history":[{"count":0,"href":"https:\/\/www.europesays.com\/fr\/wp-json\/wp\/v2\/posts\/301357\/revisions"}],"wp:featuredmedia":[{"embeddable":true,"href":"https:\/\/www.europesays.com\/fr\/wp-json\/wp\/v2\/media\/301358"}],"wp:attachment":[{"href":"https:\/\/www.europesays.com\/fr\/wp-json\/wp\/v2\/media?parent=301357"}],"wp:term":[{"taxonomy":"category","embeddable":true,"href":"https:\/\/www.europesays.com\/fr\/wp-json\/wp\/v2\/categories?post=301357"},{"taxonomy":"post_tag","embeddable":true,"href":"https:\/\/www.europesays.com\/fr\/wp-json\/wp\/v2\/tags?post=301357"}],"curies":[{"name":"wp","href":"https:\/\/api.w.org\/{rel}","templated":true}]}}