{"id":301361,"date":"2025-08-06T22:23:11","date_gmt":"2025-08-06T22:23:11","guid":{"rendered":"https:\/\/www.europesays.com\/fr\/301361\/"},"modified":"2025-08-06T22:23:11","modified_gmt":"2025-08-06T22:23:11","slug":"le-concert-daddison-rae-chanteuse-et-star-de-tiktok-change-de-lieu-a-la-derniere-minute","status":"publish","type":"post","link":"https:\/\/www.europesays.com\/fr\/301361\/","title":{"rendered":"le concert d&rsquo;Addison Rae, chanteuse et star de TikTok, change de lieu \u00e0 la derni\u00e8re minute"},"content":{"rendered":"<p>            Par<br \/>\n        <strong><br \/>\n            <a href=\"https:\/\/actu.fr\/auteur\/redaction-paris\" title=\"Consulter tous les articles de R\u00e9daction Paris\" target=\"_blank\" rel=\"noopener\">R\u00e9daction Paris<\/a><br \/>\n        <\/strong><\/p>\n<p>        Publi\u00e9 le<\/p>\n<p>            6 ao\u00fbt 2025 \u00e0 17h46        <\/p>\n<p>Une demande qui n\u2019avait pas \u00e9t\u00e9 anticip\u00e9e. D\u2019abord annonc\u00e9 \u00e0 <a href=\"https:\/\/actu.fr\/tag\/olympia\" target=\"_blank\" rel=\"noopener\">L\u2019Olympia<\/a>, le concert d\u2019<strong>Addison Rae<\/strong>, qui vient de lancer sa premi\u00e8re tourn\u00e9e mondiale, aura finalement lieu dans une salle toute aussi mythique mais plus spacieuse\u2009: le Z\u00e9nith de Paris.<\/p>\n<p class=\" wall-content\">\u00ab\u2009Le concert d\u2019Addison Rae pr\u00e9vu le<strong> 2\u00a0septembre 2025<\/strong> \u00e0 20\u00a0heures \u00e0 L\u2019Olympia change de salle et est report\u00e9 \u00e0 la m\u00eame date au Z\u00e9nith Paris \u2013 La Villette\u2009\u00bb, peut-on lire sur le <a href=\"https:\/\/www.olympiahall.com\/agenda\/addison-rae\/\" target=\"_blank\" rel=\"noopener\">site de L\u2019Olympia<\/a>. La raison de ce changement\u2009? \u00ab\u2009La forte demande\u2009\u00bb, pr\u00e9cise de son c\u00f4t\u00e9 la soci\u00e9t\u00e9 de production de l\u2019artiste.<\/p>\n<p class=\" wall-content\">Comment faire pour obtenir une place\u2009? La billetterie du Z\u00e9nith a ouvert ce mercredi 6\u00a0ao\u00fbt 2025 mais les tickets pour L\u2019Olympia \u00ab\u2009<strong>restent valables<\/strong> pour acc\u00e9der au Z\u00e9nith Paris\u2009\u00bb, explique la salle de concert. Les fans qui, en raison de ce changement, ne pourraient plus se rendre au concert d\u2019Addison Rae, ont jusqu\u2019au 25\u00a0ao\u00fbt 2025 pour demander le remboursement de leur billet.<\/p>\n<p class=\" wall-content\">N\u00e9e en octobre\u00a02000 en Louisiane, <strong>Addison Rae<\/strong> s\u2019est d\u2019abord fait conna\u00eetre sur TikTok o\u00f9 son compte est suivi par plus de 80\u00a0millions de personnes et cumule 8\u00a0milliards de mentions \u00ab\u2009j\u2019aime\u2009\u00bb. En juin\u00a02025 est sorti son premier album\u00a0Addison.<\/p>\n<p class=\" wall-content\">Suivez toute l\u2019actualit\u00e9 de vos villes et m\u00e9dias favoris en vous inscrivant \u00e0 <a href=\"https:\/\/moncompte.actu.fr\" title=\"D\u00e9couvez Mon Actu\" rel=\"nofollow noopener\" data-trk=\"{&quot;cta&quot;:{&quot;action&quot;:&quot;https:\\\/\\\/moncompte.actu.fr&quot;,&quot;category&quot;:&quot;mon compte&quot;,&quot;from&quot;:&quot;article footer&quot;,&quot;name&quot;:&quot;Mon actu&quot;,&quot;type&quot;:&quot;cta&quot;}}\" target=\"_blank\">Mon Actu<\/a>.<\/p>\n","protected":false},"excerpt":{"rendered":"Par R\u00e9daction Paris Publi\u00e9 le 6 ao\u00fbt 2025 \u00e0 17h46 Une demande qui n\u2019avait pas \u00e9t\u00e9 anticip\u00e9e. D\u2019abord&hellip;\n","protected":false},"author":2,"featured_media":301362,"comment_status":"","ping_status":"","sticky":false,"template":"","format":"standard","meta":{"footnotes":""},"categories":[1888],"tags":[11,1697,1777,674,1011,27,1652,12,15955,626,25],"class_list":{"0":"post-301361","1":"post","2":"type-post","3":"status-publish","4":"format-standard","5":"has-post-thumbnail","7":"category-paris","8":"tag-actualites","9":"tag-concert","10":"tag-eu","11":"tag-europe","12":"tag-fr","13":"tag-france","14":"tag-loisirs-culture","15":"tag-news","16":"tag-olympia","17":"tag-paris","18":"tag-republique-francaise"},"share_on_mastodon":{"url":"https:\/\/pubeurope.com\/@fr\/114984163975422304","error":""},"_links":{"self":[{"href":"https:\/\/www.europesays.com\/fr\/wp-json\/wp\/v2\/posts\/301361","targetHints":{"allow":["GET"]}}],"collection":[{"href":"https:\/\/www.europesays.com\/fr\/wp-json\/wp\/v2\/posts"}],"about":[{"href":"https:\/\/www.europesays.com\/fr\/wp-json\/wp\/v2\/types\/post"}],"author":[{"embeddable":true,"href":"https:\/\/www.europesays.com\/fr\/wp-json\/wp\/v2\/users\/2"}],"replies":[{"embeddable":true,"href":"https:\/\/www.europesays.com\/fr\/wp-json\/wp\/v2\/comments?post=301361"}],"version-history":[{"count":0,"href":"https:\/\/www.europesays.com\/fr\/wp-json\/wp\/v2\/posts\/301361\/revisions"}],"wp:featuredmedia":[{"embeddable":true,"href":"https:\/\/www.europesays.com\/fr\/wp-json\/wp\/v2\/media\/301362"}],"wp:attachment":[{"href":"https:\/\/www.europesays.com\/fr\/wp-json\/wp\/v2\/media?parent=301361"}],"wp:term":[{"taxonomy":"category","embeddable":true,"href":"https:\/\/www.europesays.com\/fr\/wp-json\/wp\/v2\/categories?post=301361"},{"taxonomy":"post_tag","embeddable":true,"href":"https:\/\/www.europesays.com\/fr\/wp-json\/wp\/v2\/tags?post=301361"}],"curies":[{"name":"wp","href":"https:\/\/api.w.org\/{rel}","templated":true}]}}