{"id":301369,"date":"2025-08-06T22:27:19","date_gmt":"2025-08-06T22:27:19","guid":{"rendered":"https:\/\/www.europesays.com\/fr\/301369\/"},"modified":"2025-08-06T22:27:19","modified_gmt":"2025-08-06T22:27:19","slug":"invasion-de-lukraine-usa-sanctions-contre-les-partenaires-commerciaux-de-la-russie-maintenues-vendredi","status":"publish","type":"post","link":"https:\/\/www.europesays.com\/fr\/301369\/","title":{"rendered":"Invasion de l?Ukraine &#8211; USA : sanctions contre les partenaires commerciaux de la Russie maintenues vendredi"},"content":{"rendered":"<p class=\"ap-StoryElement ap-StoryElement--mb ap-StoryText\">Un haut responsable am\u00e9ricain a toutefois pr\u00e9cis\u00e9 que Washington comptait toujours mettre en place, vendredi, des sanctions secondaires visant les pays s&rsquo;approvisionnant aupr\u00e8s de la Russie, notamment en p\u00e9trole et en armement.<\/p>\n<p class=\"ap-StoryElement ap-StoryElement--mb ap-StoryText\">De son c\u00f4t\u00e9, le pr\u00e9sident ukrainien Volodymyr Zelensky a annonc\u00e9, mercredi, avoir eu un entretien t\u00e9l\u00e9phonique avec Donald Trump, quelques heures apr\u00e8s la visite \u00e0 Moscou de Steve Witkoff, re\u00e7u au Kremlin par Vladimir Poutine.<\/p>\n","protected":false},"excerpt":{"rendered":"Un haut responsable am\u00e9ricain a toutefois pr\u00e9cis\u00e9 que Washington comptait toujours mettre en place, vendredi, des sanctions secondaires&hellip;\n","protected":false},"author":2,"featured_media":25030,"comment_status":"","ping_status":"","sticky":false,"template":"","format":"standard","meta":{"footnotes":""},"categories":[1589],"tags":[11,2120,312,73,1866,12,132,1864,1865,1863,308],"class_list":{"0":"post-301369","1":"post","2":"type-post","3":"status-publish","4":"format-standard","5":"has-post-thumbnail","7":"category-etats-unis","8":"tag-actualites","9":"tag-conflit","10":"tag-diplomatie","11":"tag-etats-unis","12":"tag-etats-unis-damerique","13":"tag-news","14":"tag-russie","15":"tag-united-states","16":"tag-united-states-of-america","17":"tag-us","18":"tag-usa"},"share_on_mastodon":{"url":"https:\/\/pubeurope.com\/@fr\/114984179717707364","error":""},"_links":{"self":[{"href":"https:\/\/www.europesays.com\/fr\/wp-json\/wp\/v2\/posts\/301369","targetHints":{"allow":["GET"]}}],"collection":[{"href":"https:\/\/www.europesays.com\/fr\/wp-json\/wp\/v2\/posts"}],"about":[{"href":"https:\/\/www.europesays.com\/fr\/wp-json\/wp\/v2\/types\/post"}],"author":[{"embeddable":true,"href":"https:\/\/www.europesays.com\/fr\/wp-json\/wp\/v2\/users\/2"}],"replies":[{"embeddable":true,"href":"https:\/\/www.europesays.com\/fr\/wp-json\/wp\/v2\/comments?post=301369"}],"version-history":[{"count":0,"href":"https:\/\/www.europesays.com\/fr\/wp-json\/wp\/v2\/posts\/301369\/revisions"}],"wp:featuredmedia":[{"embeddable":true,"href":"https:\/\/www.europesays.com\/fr\/wp-json\/wp\/v2\/media\/25030"}],"wp:attachment":[{"href":"https:\/\/www.europesays.com\/fr\/wp-json\/wp\/v2\/media?parent=301369"}],"wp:term":[{"taxonomy":"category","embeddable":true,"href":"https:\/\/www.europesays.com\/fr\/wp-json\/wp\/v2\/categories?post=301369"},{"taxonomy":"post_tag","embeddable":true,"href":"https:\/\/www.europesays.com\/fr\/wp-json\/wp\/v2\/tags?post=301369"}],"curies":[{"name":"wp","href":"https:\/\/api.w.org\/{rel}","templated":true}]}}