{"id":301370,"date":"2025-08-06T22:28:15","date_gmt":"2025-08-06T22:28:15","guid":{"rendered":"https:\/\/www.europesays.com\/fr\/301370\/"},"modified":"2025-08-06T22:28:15","modified_gmt":"2025-08-06T22:28:15","slug":"la-france-salue-lentree-en-vigueur-de-laccord-avec-le-royaume-uni-sur-les-traversees-de-la-manche","status":"publish","type":"post","link":"https:\/\/www.europesays.com\/fr\/301370\/","title":{"rendered":"La France salue l\u2019entr\u00e9e en vigueur de l\u2019accord avec le Royaume-Uni sur les travers\u00e9es de la Manche"},"content":{"rendered":"<p><img width=\"750\" height=\"422\" src=\"https:\/\/www.europesays.com\/fr\/wp-content\/uploads\/2025\/08\/france-1.jpg\" class=\"attachment-full size-full wp-post-image\" alt=\"france\" data-main-img=\"1\" decoding=\"async\" fetchpriority=\"high\"  \/><\/p>\n<p>\t\t\tLa France a salu\u00e9, mercredi, l\u2019entr\u00e9e en vigueur ce 6 ao\u00fbt de l\u2019accord franco-britannique relatif \u00e0 la pr\u00e9vention des travers\u00e9es p\u00e9rilleuses de la Manche.<\/p>\n<p style=\"text-align: justify;\">L\u2019accord a \u00e9t\u00e9 conclu lors de la visite d\u2019\u00c9tat du pr\u00e9sident fran\u00e7ais Emmanuel Macron au Royaume-Uni d\u00e9but juillet. Il pr\u00e9voit que les personnes entrant au Royaume-Uni \u00e0 bord d\u2019une petite embarcation pourront \u00eatre imm\u00e9diatement renvoy\u00e9es en France si leur demande d\u2019asile est jug\u00e9e inadmissible.<\/p>\n<p style=\"text-align: justify;\"><strong>Lire aussi :\u00a0<a style=\"color: #008000;\" href=\"https:\/\/maroc-diplomatique.net\/royaume-uni-france-entree-en-vigueur-dun-accord-sur-lechange-de-migrants\/\" target=\"_blank\" rel=\"noopener\">Royaume-Uni\u2013France : entr\u00e9e en vigueur d\u2019un accord sur l\u2019\u00e9change de migrants<\/a><\/strong><\/p>\n<p style=\"text-align: justify;\">Selon le porte-parole du Quai d\u2019Orsay, cet accord, qui \u00ab\u00a0marque une nouvelle \u00e9tape dans la coop\u00e9ration entre la France et le Royaume-Uni, a pour but de briser le mod\u00e8le \u00e9conomique des r\u00e9seaux de passeurs exploitant la mis\u00e8re et mettant en danger la vie des migrants\u00a0\u00bb.<\/p>\n<p>L\u2019accord, ajoute la m\u00eame source, \u00ab\u00a0envoie un signal dissuasif aux candidats \u00e0 l\u2019immigration irr\u00e9guli\u00e8re tout en rouvrant des voies l\u00e9gales d\u2019acc\u00e8s vers le Royaume-Uni\u00a0\u00bb.<\/p>\n<p>Plus de 25.400 migrants sont arriv\u00e9s au Royaume-Uni \u00e0 bord de petits bateaux depuis le d\u00e9but de l\u2019ann\u00e9e, selon un d\u00e9compte \u00e9tabli par les m\u00e9dias.<\/p>\n<p style=\"text-align: justify;\">Avec MAP<\/p>\n","protected":false},"excerpt":{"rendered":"La France a salu\u00e9, mercredi, l\u2019entr\u00e9e en vigueur ce 6 ao\u00fbt de l\u2019accord franco-britannique relatif \u00e0 la pr\u00e9vention&hellip;\n","protected":false},"author":2,"featured_media":301371,"comment_status":"","ping_status":"","sticky":false,"template":"","format":"standard","meta":{"footnotes":""},"categories":[1588],"tags":[11,1073,1777,674,27,37424,12,2462,473,1853,1851,1850,1852],"class_list":{"0":"post-301370","1":"post","2":"type-post","3":"status-publish","4":"format-standard","5":"has-post-thumbnail","7":"category-royaume-uni","8":"tag-actualites","9":"tag-emmanuel-macron","10":"tag-eu","11":"tag-europe","12":"tag-france","13":"tag-la-manche","14":"tag-news","15":"tag-quai-dorsay","16":"tag-royaume-uni","17":"tag-royaume-uni-de-grande-bretagne-et-dirlande-du-nord","18":"tag-uk","19":"tag-united-kingdom","20":"tag-united-kingdom-of-great-britain-and-northern-ireland"},"share_on_mastodon":{"url":"https:\/\/pubeurope.com\/@fr\/114984183843027183","error":""},"_links":{"self":[{"href":"https:\/\/www.europesays.com\/fr\/wp-json\/wp\/v2\/posts\/301370","targetHints":{"allow":["GET"]}}],"collection":[{"href":"https:\/\/www.europesays.com\/fr\/wp-json\/wp\/v2\/posts"}],"about":[{"href":"https:\/\/www.europesays.com\/fr\/wp-json\/wp\/v2\/types\/post"}],"author":[{"embeddable":true,"href":"https:\/\/www.europesays.com\/fr\/wp-json\/wp\/v2\/users\/2"}],"replies":[{"embeddable":true,"href":"https:\/\/www.europesays.com\/fr\/wp-json\/wp\/v2\/comments?post=301370"}],"version-history":[{"count":0,"href":"https:\/\/www.europesays.com\/fr\/wp-json\/wp\/v2\/posts\/301370\/revisions"}],"wp:featuredmedia":[{"embeddable":true,"href":"https:\/\/www.europesays.com\/fr\/wp-json\/wp\/v2\/media\/301371"}],"wp:attachment":[{"href":"https:\/\/www.europesays.com\/fr\/wp-json\/wp\/v2\/media?parent=301370"}],"wp:term":[{"taxonomy":"category","embeddable":true,"href":"https:\/\/www.europesays.com\/fr\/wp-json\/wp\/v2\/categories?post=301370"},{"taxonomy":"post_tag","embeddable":true,"href":"https:\/\/www.europesays.com\/fr\/wp-json\/wp\/v2\/tags?post=301370"}],"curies":[{"name":"wp","href":"https:\/\/api.w.org\/{rel}","templated":true}]}}