{"id":301376,"date":"2025-08-06T22:31:13","date_gmt":"2025-08-06T22:31:13","guid":{"rendered":"https:\/\/www.europesays.com\/fr\/301376\/"},"modified":"2025-08-06T22:31:13","modified_gmt":"2025-08-06T22:31:13","slug":"la-cfe-energies-interpelle-la-commission-sur-laccord-eu-usa","status":"publish","type":"post","link":"https:\/\/www.europesays.com\/fr\/301376\/","title":{"rendered":"la CFE \u00c9nergies interpelle la Commission sur l&rsquo;accord EU-USA"},"content":{"rendered":"<p class=\"has-snow-color has-penn-blue-background-color has-text-color has-background has-link-color has-eccp-regular-font-size wp-elements-e9d17aa88624dc42d5e9360dfd53b1c1\"><strong>Alors que l\u2019<a href=\"https:\/\/european-union.europa.eu\/index_fr\" target=\"_blank\" rel=\"noreferrer noopener nofollow\">Union europ\u00e9enne<\/a> semble enfin reconna\u00eetre le r\u00f4le du nucl\u00e9aire dans la transition \u00e9nerg\u00e9tique, <a href=\"https:\/\/cfe-energies.com\/\" data-type=\"link\" data-id=\"https:\/\/cfe-energies.com\/\" target=\"_blank\" rel=\"noreferrer noopener nofollow\">la CFE \u00c9nergies<\/a> alerte sur l\u2019incoh\u00e9rence d\u2019un <a href=\"https:\/\/ec.europa.eu\/commission\/presscorner\/detail\/fr\/qanda_25_1935\" data-type=\"link\" data-id=\"https:\/\/ec.europa.eu\/commission\/presscorner\/detail\/fr\/qanda_25_1935\" target=\"_blank\" rel=\"noreferrer noopener nofollow\">accord avec les \u00c9tats-Unis<\/a> favorisant les technologies am\u00e9ricaines au d\u00e9triment de la souverainet\u00e9 industrielle europ\u00e9enne.<\/strong><\/p>\n<p><strong>Un accord transatlantique en contradiction avec les objectifs climatiques<\/strong><\/p>\n<p>Alors que le d\u00e9bat fait rage \u00e0 Bruxelles et \u00e0 Strasbourg sur les futurs objectifs climatiques de l\u2019UE \u00e0 l\u2019horizon 2040, la <a href=\"https:\/\/commission.europa.eu\/index_fr\" data-type=\"link\" data-id=\"https:\/\/commission.europa.eu\/index_fr\" target=\"_blank\" rel=\"noreferrer noopener nofollow\">Commission europ\u00e9enne<\/a> persiste \u00e0 d\u00e9fendre un <a href=\"https:\/\/www.connaissancedesenergies.org\/afp\/accord-ue-etats-unis-acheter-750-milliards-de-dollars-denergie-americaine-un-objectif-irrealiste-dans-les-conditions-actuelles-250730\" data-type=\"link\" data-id=\"https:\/\/www.connaissancedesenergies.org\/afp\/accord-ue-etats-unis-acheter-750-milliards-de-dollars-denergie-americaine-un-objectif-irrealiste-dans-les-conditions-actuelles-250730\" target=\"_blank\" rel=\"noreferrer noopener nofollow\">accord<\/a> conclu le 27 juillet 2025 avec les \u00c9tats-Unis, qui pr\u00e9voit l\u2019importation massive d\u2019\u00e9nergies fossiles am\u00e9ricaines. Une orientation en totale contradiction avec les engagements de d\u00e9carbonation et l\u2019autonomie strat\u00e9gique affich\u00e9e par l\u2019Union.<\/p>\n<p><strong><strong>Les SMR am\u00e9ricains au c\u0153ur de l\u2019accord : une menace pour la souverainet\u00e9 europ\u00e9enne<\/strong><\/strong><\/p>\n<p>L\u2019accord pr\u00e9voit \u00e9galement des investissements et des exportations de technologies nucl\u00e9aires am\u00e9ricaines, notamment des petits r\u00e9acteurs modulaires (SMR). <a href=\"https:\/\/cfe-energies.com\/\" data-type=\"link\" data-id=\"https:\/\/cfe-energies.com\/\" target=\"_blank\" rel=\"noreferrer noopener nofollow\">La CFE \u00c9nergies<\/a> s\u2019\u00e9tonne de ce choix, alors que l\u2019UE dispose d\u00e9j\u00e0 d\u2019un \u00e9cosyst\u00e8me nucl\u00e9aire complet, performant et souverain. Ouvrir le march\u00e9 aux technologies am\u00e9ricaines, c\u2019est fragiliser la fili\u00e8re europ\u00e9enne et menacer l\u2019avenir d\u2019un million d\u2019emplois industriels.<\/p>\n<p><strong><strong><strong>\u00a0Le nucl\u00e9aire enfin reconnu par l\u2019UE : un tournant \u00e0 pr\u00e9server<\/strong><\/strong><\/strong><\/p>\n<p>Apr\u00e8s des ann\u00e9es de blocage id\u00e9ologique, la Commission semblait amorcer un virage pragmatique en reconnaissant le r\u00f4le du nucl\u00e9aire. D\u00e9claration du commissaire europ\u00e9en au climat, soutien de la BEI, acte d\u00e9l\u00e9gu\u00e9 sur l\u2019hydrog\u00e8ne bas-carbone, ouverture des financements europ\u00e9ens aux technologies \u00ab\u00a0net zero\u00a0\u00bb, y compris le nucl\u00e9aire\u2026 autant d\u2019avanc\u00e9es que salue<a href=\"https:\/\/cfe-energies.com\/\" data-type=\"link\" data-id=\"https:\/\/cfe-energies.com\/\" target=\"_blank\" rel=\"noreferrer noopener nofollow\"> la CFE \u00c9nergies<\/a>.<\/p>\n<p><strong><strong><strong><strong>Un soutien croissant des \u00c9tats membres<\/strong><\/strong><\/strong><\/strong><\/p>\n<p>En parall\u00e8le, plusieurs \u00c9tats membres infl\u00e9chissent leurs positions : en Allemagne, les r\u00e9centes d\u00e9clarations du chancelier Merz vont dans ce sens ; en Espagne, le gouvernement envisage une prolongation du parc nucl\u00e9aire apr\u00e8s le black-out du 28 avril 2025. Autant de signaux encourageants pour une relance coh\u00e9rente et europ\u00e9enne de la fili\u00e8re nucl\u00e9aire.<\/p>\n<p class=\"has-snow-color has-mexican-pink-background-color has-text-color has-background has-link-color has-eccp-regular-font-size wp-elements-c282440c596b6817d13722a34c741a85\">Face \u00e0 ces \u00e9volutions,<strong> <\/strong><a href=\"https:\/\/cfe-energies.com\/\" data-type=\"link\" data-id=\"https:\/\/cfe-energies.com\/\" target=\"_blank\" rel=\"noreferrer noopener nofollow\">la <strong>CFE \u00c9nergies<\/strong><\/a> se r\u00e9jouit du \u00ab vent nouveau \u00bb qui souffle en faveur du nucl\u00e9aire, mais appelle la Commission europ\u00e9enne \u00e0 <strong>plus de coh\u00e9rence politique<\/strong>. Il est imp\u00e9ratif que ce soutien s\u2019inscrive pleinement dans une strat\u00e9gie de <strong>souverainet\u00e9 industrielle<\/strong> et de <strong>pr\u00e9servation des emplois europ\u00e9ens<\/strong> dans cette fili\u00e8re strat\u00e9gique.<\/p>\n<p> <a href=\"#\" rel=\"nofollow\" onclick=\"window.print(); return false;\" title=\"Printer Friendly, PDF &amp; Email\"> <img decoding=\"async\" class=\"pf-button-img\" src=\"https:\/\/www.europesays.com\/fr\/wp-content\/uploads\/2025\/04\/printfriendly-pdf-button-nobg-md.png\" alt=\"Print Friendly, PDF &amp; Email\" style=\"width: 124px;height: 30px;\"\/> <\/a><\/p>\n","protected":false},"excerpt":{"rendered":"Alors que l\u2019Union europ\u00e9enne semble enfin reconna\u00eetre le r\u00f4le du nucl\u00e9aire dans la transition \u00e9nerg\u00e9tique, la CFE \u00c9nergies&hellip;\n","protected":false},"author":2,"featured_media":301377,"comment_status":"","ping_status":"","sticky":false,"template":"","format":"standard","meta":{"footnotes":""},"categories":[1586],"tags":[11,1777,674,1779,1011,27,12,25,1778,364],"class_list":{"0":"post-301376","1":"post","2":"type-post","3":"status-publish","4":"format-standard","5":"has-post-thumbnail","7":"category-europe","8":"tag-actualites","9":"tag-eu","10":"tag-europe","11":"tag-european-union","12":"tag-fr","13":"tag-france","14":"tag-news","15":"tag-republique-francaise","16":"tag-ue","17":"tag-union-europeenne"},"share_on_mastodon":{"url":"https:\/\/pubeurope.com\/@fr\/114984195431881167","error":""},"_links":{"self":[{"href":"https:\/\/www.europesays.com\/fr\/wp-json\/wp\/v2\/posts\/301376","targetHints":{"allow":["GET"]}}],"collection":[{"href":"https:\/\/www.europesays.com\/fr\/wp-json\/wp\/v2\/posts"}],"about":[{"href":"https:\/\/www.europesays.com\/fr\/wp-json\/wp\/v2\/types\/post"}],"author":[{"embeddable":true,"href":"https:\/\/www.europesays.com\/fr\/wp-json\/wp\/v2\/users\/2"}],"replies":[{"embeddable":true,"href":"https:\/\/www.europesays.com\/fr\/wp-json\/wp\/v2\/comments?post=301376"}],"version-history":[{"count":0,"href":"https:\/\/www.europesays.com\/fr\/wp-json\/wp\/v2\/posts\/301376\/revisions"}],"wp:featuredmedia":[{"embeddable":true,"href":"https:\/\/www.europesays.com\/fr\/wp-json\/wp\/v2\/media\/301377"}],"wp:attachment":[{"href":"https:\/\/www.europesays.com\/fr\/wp-json\/wp\/v2\/media?parent=301376"}],"wp:term":[{"taxonomy":"category","embeddable":true,"href":"https:\/\/www.europesays.com\/fr\/wp-json\/wp\/v2\/categories?post=301376"},{"taxonomy":"post_tag","embeddable":true,"href":"https:\/\/www.europesays.com\/fr\/wp-json\/wp\/v2\/tags?post=301376"}],"curies":[{"name":"wp","href":"https:\/\/api.w.org\/{rel}","templated":true}]}}