{"id":301384,"date":"2025-08-06T22:35:18","date_gmt":"2025-08-06T22:35:18","guid":{"rendered":"https:\/\/www.europesays.com\/fr\/301384\/"},"modified":"2025-08-06T22:35:18","modified_gmt":"2025-08-06T22:35:18","slug":"u-s-womens-amateur-brentcheneff-en-route-vers-les-matches","status":"publish","type":"post","link":"https:\/\/www.europesays.com\/fr\/301384\/","title":{"rendered":"U.S. Women&rsquo;s Amateur\u00a0: Brentcheneff en route vers les matches"},"content":{"rendered":"<p>Les rives du Pacifique vont servir de centre de gravit\u00e9 au golf amateur mondial ces deux prochaines semaines. Avant l&rsquo;<strong>U.S. Amateur<\/strong> des Messieurs la semaine prochaine, pr\u00e8s de San Francisco, les Dames disputent l&rsquo;<strong>U.S. Women&rsquo;s Amateur<\/strong>, cette semaine, sur le littoral de l&rsquo;Oregon. Le parcours splendide de <strong>Bandon Dunes<\/strong> sert de cadre \u00e0 la 125e \u00e9dition du tournoi, qui a d\u00e9marr\u00e9, comme de coutume, par les deux tours de qualification en stroke play, lundi et mardi.<\/p>\n<p>Deux rondes qui ont d\u00e9bouch\u00e9 sur une \u00e9galit\u00e9 \u00e0 la premi\u00e8re place, entre la Philippine <strong>Rianne Malixi<\/strong> et l&rsquo;irr\u00e9ductible Am\u00e9ricaine <strong>Asterisk Talley<\/strong>, \u00e0 -9. Mais la bonne nouvelle pour le clan fran\u00e7ais est surtout de voir sa seule repr\u00e9sentante, <strong>Sara Brentcheneff<\/strong>, poursuivre son chemin. Il a fallu que la Lyonnaise s&#8217;emploie, mardi lors du deuxi\u00e8me tour, apr\u00e8s une entr\u00e9e en mati\u00e8re un peu maussade lundi\u00a0: 74 (+2). Avec trois birdies et pas le moindre bogey, son 69 (-3) l&rsquo;a ramen\u00e9e parmi les 64 meilleures, condition ind\u00e9passable \u00e0 la poursuite de son tournoi. Avec un score de -1, elle s&rsquo;est qualifi\u00e9e en 43e position, et affrontera ce mercredi, en 32e de finale, la Mexicaine <strong>Alexis Yanet Lamarid<\/strong>.<\/p>\n","protected":false},"excerpt":{"rendered":"Les rives du Pacifique vont servir de centre de gravit\u00e9 au golf amateur mondial ces deux prochaines semaines.&hellip;\n","protected":false},"author":2,"featured_media":301385,"comment_status":"","ping_status":"","sticky":false,"template":"","format":"standard","meta":{"footnotes":""},"categories":[1418],"tags":[1011,27,1472,60],"class_list":{"0":"post-301384","1":"post","2":"type-post","3":"status-publish","4":"format-standard","5":"has-post-thumbnail","7":"category-golf","8":"tag-fr","9":"tag-france","10":"tag-golf","11":"tag-sports"},"share_on_mastodon":{"url":"https:\/\/pubeurope.com\/@fr\/114984211206257075","error":""},"_links":{"self":[{"href":"https:\/\/www.europesays.com\/fr\/wp-json\/wp\/v2\/posts\/301384","targetHints":{"allow":["GET"]}}],"collection":[{"href":"https:\/\/www.europesays.com\/fr\/wp-json\/wp\/v2\/posts"}],"about":[{"href":"https:\/\/www.europesays.com\/fr\/wp-json\/wp\/v2\/types\/post"}],"author":[{"embeddable":true,"href":"https:\/\/www.europesays.com\/fr\/wp-json\/wp\/v2\/users\/2"}],"replies":[{"embeddable":true,"href":"https:\/\/www.europesays.com\/fr\/wp-json\/wp\/v2\/comments?post=301384"}],"version-history":[{"count":0,"href":"https:\/\/www.europesays.com\/fr\/wp-json\/wp\/v2\/posts\/301384\/revisions"}],"wp:featuredmedia":[{"embeddable":true,"href":"https:\/\/www.europesays.com\/fr\/wp-json\/wp\/v2\/media\/301385"}],"wp:attachment":[{"href":"https:\/\/www.europesays.com\/fr\/wp-json\/wp\/v2\/media?parent=301384"}],"wp:term":[{"taxonomy":"category","embeddable":true,"href":"https:\/\/www.europesays.com\/fr\/wp-json\/wp\/v2\/categories?post=301384"},{"taxonomy":"post_tag","embeddable":true,"href":"https:\/\/www.europesays.com\/fr\/wp-json\/wp\/v2\/tags?post=301384"}],"curies":[{"name":"wp","href":"https:\/\/api.w.org\/{rel}","templated":true}]}}