{"id":301386,"date":"2025-08-06T22:36:12","date_gmt":"2025-08-06T22:36:12","guid":{"rendered":"https:\/\/www.europesays.com\/fr\/301386\/"},"modified":"2025-08-06T22:36:12","modified_gmt":"2025-08-06T22:36:12","slug":"yellow-tigers-la-belgique-bat-la-hongrie-et-assure-sa-qualification-a-leuro-2026","status":"publish","type":"post","link":"https:\/\/www.europesays.com\/fr\/301386\/","title":{"rendered":"Yellow Tigers\u00a0: la Belgique bat la Hongrie et assure sa qualification \u00e0 l\u2019Euro 2026"},"content":{"rendered":"<p>Les joueuses de <strong>Kris Vansnick<\/strong> terminent leur campagne en \u00e9tant assur\u00e9es de terminer premi\u00e8res du groupe B avec 9 points avant le dernier match dimanche entre la Hongrie et le\u00a0Danemark. Les Magyars comptent 5 points et le Danemark 1.<\/p>\n<p>Les Belges sont \u00e9galement assur\u00e9es de disputer la 34e \u00e9dition du championnat d\u2019Europe qui se disputera du 21\u00a0ao\u00fbt au 6\u00a0septembre 2026 dans quatre pays, l\u2019Azerba\u00efdjan, la Su\u00e8de, la Tch\u00e9quie et la Turquie et r\u00e9unira 24 pays.<\/p>\n","protected":false},"excerpt":{"rendered":"Les joueuses de Kris Vansnick terminent leur campagne en \u00e9tant assur\u00e9es de terminer premi\u00e8res du groupe B avec&hellip;\n","protected":false},"author":2,"featured_media":301387,"comment_status":"","ping_status":"","sticky":false,"template":"","format":"standard","meta":{"footnotes":""},"categories":[1417],"tags":[1011,27,60,1470,1469],"class_list":{"0":"post-301386","1":"post","2":"type-post","3":"status-publish","4":"format-standard","5":"has-post-thumbnail","7":"category-volley","8":"tag-fr","9":"tag-france","10":"tag-sports","11":"tag-volley","12":"tag-volleyball"},"share_on_mastodon":{"url":"https:\/\/pubeurope.com\/@fr\/114984215124481748","error":""},"_links":{"self":[{"href":"https:\/\/www.europesays.com\/fr\/wp-json\/wp\/v2\/posts\/301386","targetHints":{"allow":["GET"]}}],"collection":[{"href":"https:\/\/www.europesays.com\/fr\/wp-json\/wp\/v2\/posts"}],"about":[{"href":"https:\/\/www.europesays.com\/fr\/wp-json\/wp\/v2\/types\/post"}],"author":[{"embeddable":true,"href":"https:\/\/www.europesays.com\/fr\/wp-json\/wp\/v2\/users\/2"}],"replies":[{"embeddable":true,"href":"https:\/\/www.europesays.com\/fr\/wp-json\/wp\/v2\/comments?post=301386"}],"version-history":[{"count":0,"href":"https:\/\/www.europesays.com\/fr\/wp-json\/wp\/v2\/posts\/301386\/revisions"}],"wp:featuredmedia":[{"embeddable":true,"href":"https:\/\/www.europesays.com\/fr\/wp-json\/wp\/v2\/media\/301387"}],"wp:attachment":[{"href":"https:\/\/www.europesays.com\/fr\/wp-json\/wp\/v2\/media?parent=301386"}],"wp:term":[{"taxonomy":"category","embeddable":true,"href":"https:\/\/www.europesays.com\/fr\/wp-json\/wp\/v2\/categories?post=301386"},{"taxonomy":"post_tag","embeddable":true,"href":"https:\/\/www.europesays.com\/fr\/wp-json\/wp\/v2\/tags?post=301386"}],"curies":[{"name":"wp","href":"https:\/\/api.w.org\/{rel}","templated":true}]}}