{"id":301388,"date":"2025-08-06T22:37:10","date_gmt":"2025-08-06T22:37:10","guid":{"rendered":"https:\/\/www.europesays.com\/fr\/301388\/"},"modified":"2025-08-06T22:37:10","modified_gmt":"2025-08-06T22:37:10","slug":"loeil-de-fred-sest-mis-a-petiller-frederic-michalak-est-tombe-sous-le-charme-de-ce-joueur","status":"publish","type":"post","link":"https:\/\/www.europesays.com\/fr\/301388\/","title":{"rendered":"\u00ab\u00a0L\u2019\u0153il de Fred s\u2019est mis \u00e0 p\u00e9tiller\u00a0\u00bb : Fr\u00e9d\u00e9ric Michalak est tomb\u00e9 sous le charme de ce joueur !"},"content":{"rendered":"<p>Apr\u00e8s des ann\u00e9es de recrutement XXL, le Racing 92 tourne une page. Exit les stars plan\u00e9taires, place \u00e0 des profils plus modestes mais prometteurs.<\/p>\n<p><strong>Et m\u00eame les recrues les plus anonymes sont mises sur le m\u00eame plan que les autres souligne Patrice Collazo. Propos rapport\u00e9s par <a href=\"https:\/\/www.rugbyrama.fr\/2025\/08\/06\/transferts-top-14-nous-ne-voulons-plus-etre-dependants-dun-joueur-le-recrutement-du-racing-92-un-changement-de-strategie-assumee-12863311.php\" rel=\"nofollow noopener\" target=\"_blank\">Midi Olympique. <\/a>Extrait :<\/strong><\/p>\n<p>\u00ab On croit autant \u00e0 l\u2019apport de la premi\u00e8re recrue qui a sign\u00e9 qu\u2019\u00e0 la derni\u00e8re Ugo Seunes qui arrive d\u2019Aurillac sur la pointe des pieds et qui a fait une \u00e9norme saison. \u00a0C\u2019est peut-\u00eatre une autre mani\u00e8re de penser et de concevoir les choses. \u00bb<\/p>\n<p><strong>Ugo Seunes, qui a finalement \u00e9t\u00e9 recrut\u00e9 en urgence apr\u00e8s la convocation de Prisciantelli avec les Pumas m\u00eame s\u2019il \u00e9tait suivi explique Collazo. Extrait :<\/strong><\/p>\n<p>\u00ab On suivait Ugo depuis d\u00e9j\u00e0 un petit moment. Mais on voulait le laisser encore un an \u00e0 Aurillac. Mais il a fallu se retourner rapidement. C\u2019est le genre de joueur qui est diff\u00e9rent. Durant une conversation en visio, il a dit \u00e0 Fred : \u00ab\u00a0Tu sais, moi, je suis jeune, je ne t\u2019ai pas connu, mais ma r\u00e9f\u00e9rence rugbystique, c\u2019est Christophe Deylaud.\u00a0\u00bb Et l\u00e0, l\u2019\u0153il de Fred s\u2019est mis \u00e0 p\u00e9tiller. \u00bb<\/p>\n","protected":false},"excerpt":{"rendered":"Apr\u00e8s des ann\u00e9es de recrutement XXL, le Racing 92 tourne une page. Exit les stars plan\u00e9taires, place \u00e0&hellip;\n","protected":false},"author":2,"featured_media":301389,"comment_status":"","ping_status":"","sticky":false,"template":"","format":"standard","meta":{"footnotes":""},"categories":[1416],"tags":[1011,27,479,1468,60],"class_list":{"0":"post-301388","1":"post","2":"type-post","3":"status-publish","4":"format-standard","5":"has-post-thumbnail","7":"category-rugby","8":"tag-fr","9":"tag-france","10":"tag-rugby","11":"tag-rugby-football","12":"tag-sports"},"share_on_mastodon":{"url":"https:\/\/pubeurope.com\/@fr\/114984219282466486","error":""},"_links":{"self":[{"href":"https:\/\/www.europesays.com\/fr\/wp-json\/wp\/v2\/posts\/301388","targetHints":{"allow":["GET"]}}],"collection":[{"href":"https:\/\/www.europesays.com\/fr\/wp-json\/wp\/v2\/posts"}],"about":[{"href":"https:\/\/www.europesays.com\/fr\/wp-json\/wp\/v2\/types\/post"}],"author":[{"embeddable":true,"href":"https:\/\/www.europesays.com\/fr\/wp-json\/wp\/v2\/users\/2"}],"replies":[{"embeddable":true,"href":"https:\/\/www.europesays.com\/fr\/wp-json\/wp\/v2\/comments?post=301388"}],"version-history":[{"count":0,"href":"https:\/\/www.europesays.com\/fr\/wp-json\/wp\/v2\/posts\/301388\/revisions"}],"wp:featuredmedia":[{"embeddable":true,"href":"https:\/\/www.europesays.com\/fr\/wp-json\/wp\/v2\/media\/301389"}],"wp:attachment":[{"href":"https:\/\/www.europesays.com\/fr\/wp-json\/wp\/v2\/media?parent=301388"}],"wp:term":[{"taxonomy":"category","embeddable":true,"href":"https:\/\/www.europesays.com\/fr\/wp-json\/wp\/v2\/categories?post=301388"},{"taxonomy":"post_tag","embeddable":true,"href":"https:\/\/www.europesays.com\/fr\/wp-json\/wp\/v2\/tags?post=301388"}],"curies":[{"name":"wp","href":"https:\/\/api.w.org\/{rel}","templated":true}]}}