{"id":30139,"date":"2025-04-16T22:36:09","date_gmt":"2025-04-16T22:36:09","guid":{"rendered":"https:\/\/www.europesays.com\/fr\/30139\/"},"modified":"2025-04-16T22:36:09","modified_gmt":"2025-04-16T22:36:09","slug":"stade-briochin-bordeaux-sur-quelle-chaine-et-comment-regarder-le-match","status":"publish","type":"post","link":"https:\/\/www.europesays.com\/fr\/30139\/","title":{"rendered":"Stade Briochin-Bordeaux : sur quelle cha\u00eene et comment regarder le match ?"},"content":{"rendered":"<p><img decoding=\"async\" src=\"https:\/\/www.europesays.com\/fr\/wp-content\/uploads\/2025\/04\/671_d6702845ec1f8be477ddfb9a593bebc9.jpg\" alt=\"Stade Briochin-Bordeaux : sur quelle cha\u00eene et comment regarder le match ?\" class=\"img-responsive mt-3\"\/><\/p>\n<p class=\"text-center mb-3\" style=\"font-size: 14px\">\u00a9 Iconsport<\/p>\n<p>      <strong>Bord terrain, t\u00e9l\u00e9vis\u00e9 TV7, et D\u00e9brief \u00e0 Chaud sur WebGirondins<\/strong><\/p>\n<p style=\"text-align: justify;\">\u00a0<\/p>\n<p style=\"text-align: justify;\">Pour cette rencontre qui se joue \u00e0 l&rsquo;ext\u00e9rieur, la seule fa\u00e7on de voir le match si vous n&rsquo;\u00eates pas au stade est de le regarder sur la cha\u00eene locale TV7. La cha\u00eene est accessible sur le site de Sud Ouest et sur le canal 33 de la TNT.<\/p>\n<p style=\"text-align: justify;\">Voici comment la trouver sur les diff\u00e9rentes box Internet : SFR (canal 491), Orange (Canal 355), Bbox (canal 334), free (canal 901).<\/p>\n<p style=\"text-align: justify;\">De plus, nous vous proposons un avant match bord terrain \u00e0 17h15, un live texte sur WebGirondins d\u00e8s 17h45, et le D\u00e9brief \u00e0 Chaud du match d\u00e8s 20h30 en direct sur <a href=\"https:\/\/www.youtube.com\/channel\/UCkyRgJ6uhixmPRaSKiEI9aw?view_as=subscriber\" target=\"_blank\" rel=\"noopener nofollow\">notre cha\u00eene YouTube<\/a>\u00a0avec les r\u00e9actions en live d\u00e8s le coup de sifflet final.<\/p>\n<p style=\"text-align: justify;\">Restez Connect\u00e9 aux infos des Girondins de Bordeaux gr\u00e2ce \u00e0 WhatsApp. Ne ratez plus aucune information importante. Rejoignez la<strong>\u00a0<a href=\"https:\/\/whatsapp.com\/channel\/0029VaDygopCRs1h8xNMgI1y\" target=\"_blank\" rel=\"noopener nofollow\">cha\u00eene d&rsquo;information WhatsApp de WebGirondins<\/a><\/strong>. C&rsquo;est gratuit, avec 2 \u00e0 3 infos maximum par jour, r\u00e9sultat, interview, analyses etc.<\/p>\n<p>\u00c0 lire &gt;&gt;\u00a0<strong><a href=\"https:\/\/www.webgirondins.com\/actualite-girondins-girondins-gerard-lopez-il-n-y-a-pas-d-offre-transmise-pour-le-rachat-du-club-128725\" target=\"_blank\" rel=\"noopener nofollow\">G\u00e9rard Lopez : \u00ab\u00a0Il n&rsquo;y a pas d&rsquo;offre transmise\u00a0\u00bb pour le rachat du club<\/a><\/strong><\/p>\n<p>R\u00e9\u00e9dition article du 15 avril 2025.<\/p>\n","protected":false},"excerpt":{"rendered":"\u00a9 Iconsport Bord terrain, t\u00e9l\u00e9vis\u00e9 TV7, et D\u00e9brief \u00e0 Chaud sur WebGirondins \u00a0 Pour cette rencontre qui se&hellip;\n","protected":false},"author":2,"featured_media":30140,"comment_status":"","ping_status":"","sticky":false,"template":"","format":"standard","meta":{"footnotes":""},"categories":[2817],"tags":[1111,11,10435,3270,1997,10431,3839,20,1777,674,2823,1011,27,10434,1987,2705,10433,3465,3289,955,3238,12,2219,3837,10432,25,3982,2858],"class_list":{"0":"post-30139","1":"post","2":"type-post","3":"status-publish","4":"format-standard","5":"has-post-thumbnail","7":"category-bordeaux","8":"tag-actu","9":"tag-actualites","10":"tag-aubert","11":"tag-avril","12":"tag-bordeaux","13":"tag-briochin","14":"tag-chaine","15":"tag-comment","16":"tag-eu","17":"tag-europe","18":"tag-face","19":"tag-fr","20":"tag-france","21":"tag-fred","22":"tag-girondins","23":"tag-groupe","24":"tag-jouent","25":"tag-journee","26":"tag-leur","27":"tag-match","28":"tag-national","29":"tag-news","30":"tag-nouvelle-aquitaine","31":"tag-quelle","32":"tag-regarder","33":"tag-republique-francaise","34":"tag-samedi","35":"tag-stade"},"share_on_mastodon":{"url":"https:\/\/pubeurope.com\/@fr\/114350036383083971","error":""},"_links":{"self":[{"href":"https:\/\/www.europesays.com\/fr\/wp-json\/wp\/v2\/posts\/30139","targetHints":{"allow":["GET"]}}],"collection":[{"href":"https:\/\/www.europesays.com\/fr\/wp-json\/wp\/v2\/posts"}],"about":[{"href":"https:\/\/www.europesays.com\/fr\/wp-json\/wp\/v2\/types\/post"}],"author":[{"embeddable":true,"href":"https:\/\/www.europesays.com\/fr\/wp-json\/wp\/v2\/users\/2"}],"replies":[{"embeddable":true,"href":"https:\/\/www.europesays.com\/fr\/wp-json\/wp\/v2\/comments?post=30139"}],"version-history":[{"count":0,"href":"https:\/\/www.europesays.com\/fr\/wp-json\/wp\/v2\/posts\/30139\/revisions"}],"wp:featuredmedia":[{"embeddable":true,"href":"https:\/\/www.europesays.com\/fr\/wp-json\/wp\/v2\/media\/30140"}],"wp:attachment":[{"href":"https:\/\/www.europesays.com\/fr\/wp-json\/wp\/v2\/media?parent=30139"}],"wp:term":[{"taxonomy":"category","embeddable":true,"href":"https:\/\/www.europesays.com\/fr\/wp-json\/wp\/v2\/categories?post=30139"},{"taxonomy":"post_tag","embeddable":true,"href":"https:\/\/www.europesays.com\/fr\/wp-json\/wp\/v2\/tags?post=30139"}],"curies":[{"name":"wp","href":"https:\/\/api.w.org\/{rel}","templated":true}]}}