{"id":301394,"date":"2025-08-06T22:41:14","date_gmt":"2025-08-06T22:41:14","guid":{"rendered":"https:\/\/www.europesays.com\/fr\/301394\/"},"modified":"2025-08-06T22:41:14","modified_gmt":"2025-08-06T22:41:14","slug":"nouvelle-scene-lunaire-au-tour-de-guadeloupe-avec-le-recadrage-muscle-dun-directeur-sportif-en-pleine-course","status":"publish","type":"post","link":"https:\/\/www.europesays.com\/fr\/301394\/","title":{"rendered":"nouvelle sc\u00e8ne lunaire au Tour de Guadeloupe avec le recadrage muscl\u00e9 d&rsquo;un directeur sportif en pleine course"},"content":{"rendered":"<p>Le manager d&rsquo;une \u00e9quipe engag\u00e9e sur le Tour de Guadeloupe n&rsquo;a pas appr\u00e9ci\u00e9 que l&rsquo;un des coureurs n&rsquo;attende pas son leader lors de la 5e \u00e9tape. Et il le lui a fait savoir, sans filtre.<\/p>\n<p>\u00ab\u00a0C&rsquo;est ce qu&rsquo;on appelle un recadrage.\u00a0\u00bb Les commentateurs de <a href=\"https:\/\/la1ere.franceinfo.fr\/guadeloupe\/direct-tour-cycliste-de-guadeloupe-2025-suivez-l-etape-5-entre-baie-mahault-et-gourbeyre-depart-des-10-heures-1611372.html\" target=\"_blank\" class=\"external_link\" rel=\"nofollow noopener\">Guadeloupe la 1\u00e8re<\/a> sont presque rest\u00e9s bouche b\u00e9e ce mercredi lors de la 5e \u00e9tape <a href=\"https:\/\/rmcsport.bfmtv.com\/cyclisme\/cyclisme-sans-assistant-pour-le-depanner-un-francais-abandonne-au-bord-de-la-route-au-tour-de-guadeloupe_AV-202508060357.html\" title=\"Cyclisme: sans assistant pour le d\u00e9panner, un Fran\u00e7ais abandonn\u00e9 au bord de la route au Tour de Guadeloupe\" class=\"internal_link\" rel=\"nofollow noopener\" target=\"_blank\">du Tour de la Guadeloupe<\/a> devant le coup de gueule de Max Macambou, manager de l&rsquo;\u00e9quipe Madras Capesterre Belle-Eau.<\/p>\n<p>Il faut dire que le dirigeant n&rsquo;a pas m\u00e2ch\u00e9 ses mots, devant la cam\u00e9ra, pour reprendre \u00e0 l&rsquo;ordre l&rsquo;un de ses coureurs qu&rsquo;il a accus\u00e9 de ne pas avoir \u00e9cout\u00e9 ses consignes. Alors qu&rsquo;un extrait a \u00e9t\u00e9 partag\u00e9 sur les r\u00e9seaux sociaux, il faut remonter quelques minutes auparavant pour comprendre l&rsquo;incident.<\/p>\n<p>\u00ab\u00a0Je l&rsquo;ai dit trois fois aujourd&rsquo;hui\u00a0\u00bb<\/p>\n<p>Aux deux tiers de la course, le peloton s&rsquo;\u00e9tait largement aminci apr\u00e8s plusieurs ascensions. Quatri\u00e8me au g\u00e9n\u00e9ral au d\u00e9part de l&rsquo;\u00e9tape, Damien Urcel, le leader de l&rsquo;\u00e9quipe, a \u00e9t\u00e9 contraint de se laisser d\u00e9crocher du groupe des favoris et s&rsquo;arr\u00eater sur le bord de la route pour r\u00e9gler un probl\u00e8me de selle. Il a ensuite pu repartir &#8211; non sans les efforts du m\u00e9canicien et de son tournevis &#8211; pour essayer de regagner le groupe de t\u00eate. S&rsquo;en est alors suivie une poursuite de plus de trois minutes, seul dans les voitures.<\/p>\n<p>Alors m\u00eame que le r\u00e9cent vainqueur du Tour de Martinique &#8211; tomb\u00e9 cette semaine &#8211; venait de r\u00e9int\u00e9grer ce petit peloton, le manager Max Macambou, au volant de la voiture de son \u00e9quipe, est venu \u00e0 hauteur des derniers coureurs et s&rsquo;en est pris \u00e0 Axel Taillandier, co\u00e9quipier de Damien Urcel.<\/p>\n<blockquote class=\"embed embed_quote\"><p>\u00ab\u00a0Reste avec lui au maximum. Je l&rsquo;ai dit trois fois aujourd&rsquo;hui, si Damien est derri\u00e8re on l&rsquo;attend, a-t-il hurl\u00e9 tant\u00f4t \u00e0 l&rsquo;ext\u00e9rieur et \u00e0 l&rsquo;int\u00e9rieur du v\u00e9hicule. S&rsquo;il y a un probl\u00e8me, on le ram\u00e8ne! Je le dis!\u00a0\u00bb<\/p><\/blockquote>\n<p>Ce \u00e0 quoi le principal int\u00e9ress\u00e9 lui a r\u00e9pondu de se calmer avec un signe de la main. Ironie de la course: \u00e0 l&rsquo;arriv\u00e9e, Axel Taillandier finira 8e, 3&rsquo;30\u00a0\u00bb devant Damien Urcel, 18e.<\/p>\n<p>Triche et sc\u00e8nes comiques<\/p>\n<p>Cette sc\u00e8ne insolite est loin d&rsquo;\u00eatre la premi\u00e8re situation ubuesque de ce Tour de Guadeloupe. Lors de la 2e \u00e9tape, <a href=\"https:\/\/rmcsport.bfmtv.com\/cyclisme\/cyclisme-caches-derriere-une-voiture-avant-de-reintegrer-le-peloton-deux-coureurs-se-font-exclure-du-tour-de-la-guadeloupe_AN-202508040108.html\" title=\"Cyclisme: cach\u00e9s derri\u00e8re une voiture avant de r\u00e9int\u00e9grer le peloton, deux coureurs se font exclure du Tour de la Guadeloupe\" class=\"internal_link\" rel=\"nofollow noopener\" target=\"_blank\">deux cyclistes n\u00e9erlandais ont \u00e9t\u00e9 exclus de la course<\/a>. Ils s&rsquo;\u00e9taient cach\u00e9s derri\u00e8re une voiture avant de r\u00e9int\u00e9grer le peloton, sous les yeux des spectateurs et des commissaires.<\/p>\n<p>L&rsquo;organisateur avait alors annonc\u00e9 d&rsquo;autres exclusions pour des cyclistes qui \u00ab\u00a0se sont accroch\u00e9s \u00e0 des voitures\u00a0\u00bb. \u00ab\u00a0Je rappelle que le sport cyclisme est un sport qui se pratique en p\u00e9dalant et en tenant son cintre, son guidon et rien d&rsquo;autre\u00a0\u00bb, avait lanc\u00e9 Fr\u00e9d\u00e9ric Th\u00e9obald, patron du comit\u00e9 d&rsquo;organisation.<\/p>\n<p>Mardi, lors de la 4e \u00e9tape, c&rsquo;est <a href=\"https:\/\/rmcsport.bfmtv.com\/cyclisme\/cyclisme-sans-assistant-pour-le-depanner-un-francais-abandonne-au-bord-de-la-route-au-tour-de-guadeloupe_AV-202508060357.html\" title=\"Cyclisme: sans assistant pour le d\u00e9panner, un Fran\u00e7ais abandonn\u00e9 au bord de la route au Tour de Guadeloupe\" class=\"internal_link\" rel=\"nofollow noopener\" target=\"_blank\">le Fran\u00e7ais Benjamin Le Ny qui a \u00e9t\u00e9 le malheureux protagoniste d&rsquo;une sc\u00e8ne comique<\/a>. Alors qu&rsquo;il \u00e9tait victime d&rsquo;un incident m\u00e9canique, le coureur de la formation Cama CCD a d\u00fb attendre de longues secondes sur le bord de la route, sa voiture de directeur sportif \u00e9tant devant le peloton.<\/p>\n<p>Heureusement pour lui, un de ses co\u00e9quipiers a fait demi-tour pour venir en aide \u00e0 son leader et lui donner son v\u00e9lo. En r\u00e9int\u00e9grant le peloton, il a tout n\u00e9anmoins profit\u00e9 de l&rsquo;aspiration des voitures, ce qui lui a valu une p\u00e9nalit\u00e9 d&rsquo;une minute et une amende de 50 francs suisses.<\/p>\n","protected":false},"excerpt":{"rendered":"Le manager d&rsquo;une \u00e9quipe engag\u00e9e sur le Tour de Guadeloupe n&rsquo;a pas appr\u00e9ci\u00e9 que l&rsquo;un des coureurs n&rsquo;attende&hellip;\n","protected":false},"author":2,"featured_media":301395,"comment_status":"","ping_status":"","sticky":false,"template":"","format":"standard","meta":{"footnotes":""},"categories":[1412],"tags":[1451,1452,1453,1454,1455,1011,27,60],"class_list":{"0":"post-301394","1":"post","2":"type-post","3":"status-publish","4":"format-standard","5":"has-post-thumbnail","7":"category-f1","8":"tag-f1","9":"tag-formula-1","10":"tag-formula1","11":"tag-formule-1","12":"tag-formule1","13":"tag-fr","14":"tag-france","15":"tag-sports"},"share_on_mastodon":{"url":"https:\/\/pubeurope.com\/@fr\/114984234740869816","error":""},"_links":{"self":[{"href":"https:\/\/www.europesays.com\/fr\/wp-json\/wp\/v2\/posts\/301394","targetHints":{"allow":["GET"]}}],"collection":[{"href":"https:\/\/www.europesays.com\/fr\/wp-json\/wp\/v2\/posts"}],"about":[{"href":"https:\/\/www.europesays.com\/fr\/wp-json\/wp\/v2\/types\/post"}],"author":[{"embeddable":true,"href":"https:\/\/www.europesays.com\/fr\/wp-json\/wp\/v2\/users\/2"}],"replies":[{"embeddable":true,"href":"https:\/\/www.europesays.com\/fr\/wp-json\/wp\/v2\/comments?post=301394"}],"version-history":[{"count":0,"href":"https:\/\/www.europesays.com\/fr\/wp-json\/wp\/v2\/posts\/301394\/revisions"}],"wp:featuredmedia":[{"embeddable":true,"href":"https:\/\/www.europesays.com\/fr\/wp-json\/wp\/v2\/media\/301395"}],"wp:attachment":[{"href":"https:\/\/www.europesays.com\/fr\/wp-json\/wp\/v2\/media?parent=301394"}],"wp:term":[{"taxonomy":"category","embeddable":true,"href":"https:\/\/www.europesays.com\/fr\/wp-json\/wp\/v2\/categories?post=301394"},{"taxonomy":"post_tag","embeddable":true,"href":"https:\/\/www.europesays.com\/fr\/wp-json\/wp\/v2\/tags?post=301394"}],"curies":[{"name":"wp","href":"https:\/\/api.w.org\/{rel}","templated":true}]}}