{"id":301399,"date":"2025-08-06T22:44:10","date_gmt":"2025-08-06T22:44:10","guid":{"rendered":"https:\/\/www.europesays.com\/fr\/301399\/"},"modified":"2025-08-06T22:44:10","modified_gmt":"2025-08-06T22:44:10","slug":"laura-smet-la-bataille-pour-lheritage-de-johnny-a-laisse-beaucoup-de-traces","status":"publish","type":"post","link":"https:\/\/www.europesays.com\/fr\/301399\/","title":{"rendered":"Laura Smet : la bataille pour l\u2019h\u00e9ritage de Johnny a laiss\u00e9 beaucoup de traces\u2026"},"content":{"rendered":"<p data-start=\"779\" data-end=\"1189\">Elle pensait avoir tourn\u00e9 la<br \/>\npage, mais certaines blessures laissent des marques invisibles.<br \/>\nDans Surface, la nouvelle<br \/>\ns\u00e9rie adapt\u00e9e du roman d\u2019Olivier Norek, <a href=\"https:\/\/www.closermag.fr\/people\/laura-smet-un-animal-blesse-ce-tacle-a-peine-dissimule-a-laeticia-hallyday-3569581\" target=\"_blank\" rel=\"noopener\"><br \/>\nLaura Smet<\/a> incarne No\u00e9mie, <strong>capitaine de police<br \/>\nconfront\u00e9e \u00e0 un cold case<\/strong>. Tourn\u00e9e en Belgique avec<br \/>\n<a href=\"https:\/\/www.closermag.fr\/people\/tomer-et-sandra-sisley-leur-propriete-deure-et-loir-visitee-ce-que-revele-la-video-surveillance-est-glacant-3496977\" target=\"_blank\" rel=\"noopener\"><br \/>\nTomer Sisley<\/a>, la s\u00e9rie a demand\u00e9 un v\u00e9ritable engagement<br \/>\nphysique, notamment dans un immense studio aquatique. Une<br \/>\nexp\u00e9rience intense\u2026 et r\u00e9v\u00e9latrice.<\/p>\n<p data-start=\"1191\" data-end=\"1527\">Entre deux s\u00e9quences de<br \/>\nplong\u00e9e, les cheveux encore tremp\u00e9s, Laura Smet s\u2019est livr\u00e9e \u00e0<br \/>\nSoirmag. Et derri\u00e8re les<br \/>\nanecdotes de tournage, elle laisse entrevoir des blessures toujours<br \/>\nprofondes. Si No\u00e9mie lui ressemble tant, c\u2019est peut-\u00eatre parce<br \/>\nqu\u2019elle aussi, dans la vraie vie, a d\u00fb <strong>se battre pour<br \/>\nexister<\/strong>. Et ce combat, elle ne le cache plus.<\/p>\n<p>Laura Smet marqu\u00e9e par les<br \/>\n\u00e9preuves<\/p>\n<p data-start=\"1570\" data-end=\"1953\">Lorsqu&rsquo;on lui demande \u00ab\u00a0En<br \/>\nquoi No\u00e9mie vous ressemble-t-elle ?\u00a0\u00bb, Laura Smet r\u00e9pond<br \/>\ninstinctivement : \u00ab\u00a0Il y a<br \/>\nl\u2019id\u00e9e de se relever, <strong>d\u2019avoir v\u00e9cu des choses pas forc\u00e9ment<br \/>\nfaciles<\/strong> et de ne jamais baisser les bras. Il y a ce c\u00f4t\u00e9<br \/>\nanimal bless\u00e9, assez instinctif.\u00a0\u00bb Des mots qui raisonnent fort<br \/>\nquand on conna\u00eet les conflits familiaux qu\u2019elle a d\u00fb affronter,<br \/>\nnotamment autour de <a href=\"https:\/\/www.closermag.fr\/people\/heritage-de-johnny-decouvrez-les-details-de-l-accord-entre-laeticia-hallyday-et-1137723\" target=\"_blank\" rel=\"noopener\"><br \/>\nl\u2019h\u00e9ritage<\/a> de <a href=\"https:\/\/www.closermag.fr\/people\/laeticia-hallyday-en-pelerinage-sur-la-tombe-de-johnny-elle-devoile-une-photo-et-rien-na-ete-fait-a-moitie-3569400\" target=\"_blank\" rel=\"noopener\"><br \/>\nJohnny Hallyday<\/a>.<\/p>\n<p data-start=\"1955\" data-end=\"2384\">Longtemps \u00e9pi\u00e9e, jug\u00e9e,<br \/>\ncompar\u00e9e, la fille de <a href=\"https:\/\/www.closermag.fr\/people\/nathalie-baye-la-mise-au-point-salee-de-sa-fille-laura-smet-au-sujet-de-son-etat-de-sante-3562468\" target=\"_blank\" rel=\"noopener\"><br \/>\nNathalie Baye<\/a> a v\u00e9cu cette bataille comme une exposition<br \/>\npermanente. Et ce regard des autres, elle ne l\u2019oublie pas :<br \/>\n\u00ab\u00a0Et puis, il y a le regard<br \/>\ndes gens sur elle (No\u00e9mie, ndlr), un peu agressif. Avec tout ce que<br \/>\nj&rsquo;ai v\u00e9cu, je ressens aussi parfois <strong>ce regard parfois<br \/>\ninsistant.<\/strong> No\u00e9mie, elle ose enlever son manque.\u00a0\u00bb Une<br \/>\nphrase qui r\u00e9sume \u00e0 elle seule les stigmates d\u2019un conflit<br \/>\nultra-m\u00e9diatis\u00e9. Si elle \u00e9vite d\u2019y revenir frontalement, l\u2019ombre de<br \/>\ncette affaire continue de l\u2019accompagner dans ses choix, m\u00eame<br \/>\nartistiques.<\/p>\n<p>Une<br \/>\ncicatrice symbolique pour Surface, mais un r\u00f4le<br \/>\nlib\u00e9rateur<\/p>\n<p data-start=\"2435\" data-end=\"2864\">Dans la s\u00e9rie Surface, No\u00e9mie porte une cicatrice<br \/>\nimposante au visage. Une transformation que Laura Smet n\u2019a pas<br \/>\nfuie, bien au contraire : \u00ab\u00a0Je<br \/>\nn\u2019ai pas eu peur, c\u2019est comme un costume, \u00e7a m\u2019aide \u00e0 entrer dans<br \/>\nle personnage.\u00a0\u00bb Ce souvenir la renvoie \u00e0 son tout premier r\u00f4le<br \/>\nau cin\u00e9ma, dans Les Corps<br \/>\nImpatients, o\u00f9 <strong>elle s\u2019\u00e9tait ras\u00e9 la t\u00eate \u00e0 seulement<br \/>\n17 ans<\/strong> : \u00ab\u00a0Il faut y<br \/>\naller ! Mais j\u2019avais l\u2019impression d\u2019\u00eatre un ca\u00efd.\u00a0\u00bb<\/p>\n<p data-start=\"2866\" data-end=\"3312\">Et si la <a href=\"https:\/\/www.closermag.fr\/people\/laura-smet-balafree-au-visage-cette-enorme-cicatrice-sur-un-tournage-pour-france-2-qui-ne-la-laissera-pas-indemne-3459673\" target=\"_blank\" rel=\"noopener\"><br \/>\ncicatrice<\/a> du personnage est impressionnante, elle en parle avec<br \/>\nune forme d\u2019attachement inattendu : \u00ab\u00a0C\u2019est tr\u00e8s esth\u00e9tique. \u00c7a peut m\u00eame \u00eatre sexy, une<br \/>\ncicatrice. Les mecs qui ont des cicatrices, j\u2019aime plut\u00f4t bien.<br \/>\n<strong>Il y a toujours une histoire, une faille derri\u00e8re une<br \/>\ncicatrice<\/strong>.\u00a0\u00bb Comme si, en creux, elle disait que les<br \/>\nfailles font la force. Les siennes, elle les transforme aujourd\u2019hui<br \/>\nen moteur pour ses r\u00f4les. Et cette sinc\u00e9rit\u00e9, elle ne la cache<br \/>\nplus.<\/p>\n","protected":false},"excerpt":{"rendered":"Elle pensait avoir tourn\u00e9 la page, mais certaines blessures laissent des marques invisibles. Dans Surface, la nouvelle s\u00e9rie&hellip;\n","protected":false},"author":2,"featured_media":301400,"comment_status":"","ping_status":"","sticky":false,"template":"","format":"standard","meta":{"footnotes":""},"categories":[1359],"tags":[548,58,59,1011,27,44146,15910,973],"class_list":{"0":"post-301399","1":"post","2":"type-post","3":"status-publish","4":"format-standard","5":"has-post-thumbnail","7":"category-people","8":"tag-article-simple","9":"tag-divertissement","10":"tag-entertainment","11":"tag-fr","12":"tag-france","13":"tag-heritage-johnny-hallyday","14":"tag-laura-smet","15":"tag-people"},"share_on_mastodon":{"url":"https:\/\/pubeurope.com\/@fr\/114984246549430857","error":""},"_links":{"self":[{"href":"https:\/\/www.europesays.com\/fr\/wp-json\/wp\/v2\/posts\/301399","targetHints":{"allow":["GET"]}}],"collection":[{"href":"https:\/\/www.europesays.com\/fr\/wp-json\/wp\/v2\/posts"}],"about":[{"href":"https:\/\/www.europesays.com\/fr\/wp-json\/wp\/v2\/types\/post"}],"author":[{"embeddable":true,"href":"https:\/\/www.europesays.com\/fr\/wp-json\/wp\/v2\/users\/2"}],"replies":[{"embeddable":true,"href":"https:\/\/www.europesays.com\/fr\/wp-json\/wp\/v2\/comments?post=301399"}],"version-history":[{"count":0,"href":"https:\/\/www.europesays.com\/fr\/wp-json\/wp\/v2\/posts\/301399\/revisions"}],"wp:featuredmedia":[{"embeddable":true,"href":"https:\/\/www.europesays.com\/fr\/wp-json\/wp\/v2\/media\/301400"}],"wp:attachment":[{"href":"https:\/\/www.europesays.com\/fr\/wp-json\/wp\/v2\/media?parent=301399"}],"wp:term":[{"taxonomy":"category","embeddable":true,"href":"https:\/\/www.europesays.com\/fr\/wp-json\/wp\/v2\/categories?post=301399"},{"taxonomy":"post_tag","embeddable":true,"href":"https:\/\/www.europesays.com\/fr\/wp-json\/wp\/v2\/tags?post=301399"}],"curies":[{"name":"wp","href":"https:\/\/api.w.org\/{rel}","templated":true}]}}