{"id":301405,"date":"2025-08-06T22:47:12","date_gmt":"2025-08-06T22:47:12","guid":{"rendered":"https:\/\/www.europesays.com\/fr\/301405\/"},"modified":"2025-08-06T22:47:12","modified_gmt":"2025-08-06T22:47:12","slug":"les-episodes-de-ce-mercredi-6-aout-sur-france-2-sont-ils-des-inedits","status":"publish","type":"post","link":"https:\/\/www.europesays.com\/fr\/301405\/","title":{"rendered":"les \u00e9pisodes de ce mercredi 6 ao\u00fbt sur France 2 sont-ils des in\u00e9dits ?"},"content":{"rendered":"<p>L\u2019heure est \u00e0 l\u2019enqu\u00eate ce mercredi 6 ao\u00fbt. Depuis 2019, <a href=\"https:\/\/www.diverto.tv\/actualites\/tele\/telematin-sara-mortensen-astrid-et-raphaelle-explique-les-raisons-du-succes-de-la-serie-meurtres-a\" rel=\"nofollow noopener\" target=\"_blank\">Sara Mortensen<\/a> et <a href=\"https:\/\/www.diverto.tv\/actualites\/tele\/crime-dans-le-larzac-ce-soir-sur-france-3-quelle-actrice-dastrid-et-raphaelle-est-au-casting-du-telefilm\" rel=\"nofollow noopener\" target=\"_blank\">Lola Dewaere<\/a> incarnent dans Astrid et Rapha\u00eblle un tandem peu commun form\u00e9 par une criminaliste consultante autiste et une commandante de la brigade criminelle qui n\u2019ont qu\u2019un but : \u00e9lucider des crimes. Une recette gagnante pour la fiction de France T\u00e9l\u00e9visions, qui sera m\u00eame <a href=\"https:\/\/www.diverto.tv\/actualites\/series\/astrid-et-raphaelle-sait-qui-seront-les-actrices-de-la-version-americaine-9091\" rel=\"nofollow noopener\" target=\"_blank\">bient\u00f4t adapt\u00e9e aux \u00c9tats-Unis<\/a>, qui fait son grand retour sur France 2, mercredi 6 ao\u00fbt, avec deux \u00e9pisodes. Une bonne nouvelle pour les fans du commandant Coste et de son acolyte Astrid Nielsen, qui ne doivent toutefois pas s\u2019attendre \u00e0 des in\u00e9dits. Et pour cause : la s\u00e9rie passe en mode rediffusion pour sa saison 3 pendant quelques semaines.<\/p>\n<p>Dans\u00a0<a href=\"https:\/\/www.diverto.tv\/series\/astrid-et-raphaelle\/plan-global\" rel=\"nofollow noopener\" target=\"_blank\">Plan global, le premier \u00e9pisode de la saison 3<\/a> d\u2019Astrid et Rapha\u00eblle, diffus\u00e9 \u00e0 partir de 21h10, les deux acolytes enqu\u00eatent sur la mort de Michel Ardant, un astrophysicien renomm\u00e9 qui a \u00e9t\u00e9 retrouv\u00e9 foudroy\u00e9 \u00e0 l\u2019Observatoire de Paris. Mais alors qu\u2019aucun orage n\u2019a eu lieu \u00e0 l\u2019heure de sa mort, le commandant Coste d\u00e9couvre que le scientifique faisait courir le bruit partout qu\u2019il allait faire une d\u00e9couverte majeure. Les r\u00e9seaux sociaux s\u2019emparent rapidement de l\u2019affaire et crient au complot quand ils apprennent que la victime s\u2019appr\u00eatait \u00e0 divulguer un secret d\u2019\u00c9tat. L\u2019enqu\u00eate, elle, s\u2019oriente bient\u00f4t vers la journaliste H\u00e9l\u00e9na Campbell, r\u00e9alisatrice d\u2019un documentaire complotiste intitul\u00e9 Plan global.<\/p>\n<p>Quand sera diffus\u00e9e la saison 6 d\u2019Astrid et Rapha\u00eblle ?<\/p>\n<p>La deuxi\u00e8me enqu\u00eate de la soir\u00e9e, intitul\u00e9e Memento Mori, pousse Astrid et Rapha\u00eblle \u00e0 enqu\u00eater sur la mort du p\u00e8re Louis Desforges, retrouv\u00e9 poignard\u00e9 dans un monast\u00e8re b\u00e9n\u00e9dictin. Rapidement, l\u2019enqu\u00eate s\u2019oriente vers l\u2019association Ira Dei, compos\u00e9e de membres int\u00e9gristes, qui accuse le p\u00e8re Louis d\u2019\u00eatre un mystificateur, un menteur et un faux d\u00e9vot dans plusieurs articles sur leur site internet. Deux \u00e9pisodes de la saison 3 \u00e0 (re)d\u00e9couvrir en attendant <a href=\"https:\/\/www.diverto.tv\/actualites\/series\/astrid-et-raphaelle-la-serie-france-2-avec-sara-mortensen-et-lola-dewaere-aura-t-elle-une-saison-6\" rel=\"nofollow noopener\" target=\"_blank\">la diffusion de la saison 6<\/a> d\u2019Astrid et Rapha\u00eblle. Pour le moment, on ignore quand France 2 d\u00e9voilera ces in\u00e9dits, le calendrier habituel \u00e9tant aux alentours de novembre et d\u00e9cembre. Une chose est s\u00fbre, le tournage s\u2019est achev\u00e9 en mai dernier\u2026<\/p>\n","protected":false},"excerpt":{"rendered":"L\u2019heure est \u00e0 l\u2019enqu\u00eate ce mercredi 6 ao\u00fbt. Depuis 2019, Sara Mortensen et Lola Dewaere incarnent dans Astrid&hellip;\n","protected":false},"author":2,"featured_media":301406,"comment_status":"","ping_status":"","sticky":false,"template":"","format":"standard","meta":{"footnotes":""},"categories":[1356],"tags":[58,59,1011,27,252,1364],"class_list":{"0":"post-301405","1":"post","2":"type-post","3":"status-publish","4":"format-standard","5":"has-post-thumbnail","7":"category-television","8":"tag-divertissement","9":"tag-entertainment","10":"tag-fr","11":"tag-france","12":"tag-television","13":"tag-tv"},"share_on_mastodon":{"url":"https:\/\/pubeurope.com\/@fr\/114984258331969741","error":""},"_links":{"self":[{"href":"https:\/\/www.europesays.com\/fr\/wp-json\/wp\/v2\/posts\/301405","targetHints":{"allow":["GET"]}}],"collection":[{"href":"https:\/\/www.europesays.com\/fr\/wp-json\/wp\/v2\/posts"}],"about":[{"href":"https:\/\/www.europesays.com\/fr\/wp-json\/wp\/v2\/types\/post"}],"author":[{"embeddable":true,"href":"https:\/\/www.europesays.com\/fr\/wp-json\/wp\/v2\/users\/2"}],"replies":[{"embeddable":true,"href":"https:\/\/www.europesays.com\/fr\/wp-json\/wp\/v2\/comments?post=301405"}],"version-history":[{"count":0,"href":"https:\/\/www.europesays.com\/fr\/wp-json\/wp\/v2\/posts\/301405\/revisions"}],"wp:featuredmedia":[{"embeddable":true,"href":"https:\/\/www.europesays.com\/fr\/wp-json\/wp\/v2\/media\/301406"}],"wp:attachment":[{"href":"https:\/\/www.europesays.com\/fr\/wp-json\/wp\/v2\/media?parent=301405"}],"wp:term":[{"taxonomy":"category","embeddable":true,"href":"https:\/\/www.europesays.com\/fr\/wp-json\/wp\/v2\/categories?post=301405"},{"taxonomy":"post_tag","embeddable":true,"href":"https:\/\/www.europesays.com\/fr\/wp-json\/wp\/v2\/tags?post=301405"}],"curies":[{"name":"wp","href":"https:\/\/api.w.org\/{rel}","templated":true}]}}