{"id":301407,"date":"2025-08-06T22:48:25","date_gmt":"2025-08-06T22:48:25","guid":{"rendered":"https:\/\/www.europesays.com\/fr\/301407\/"},"modified":"2025-08-06T22:48:25","modified_gmt":"2025-08-06T22:48:25","slug":"stone-raconte-comment-son-fils-baptiste-a-remplace-eric-charden-dans-sa-carriere-apres-sa-mort","status":"publish","type":"post","link":"https:\/\/www.europesays.com\/fr\/301407\/","title":{"rendered":"Stone raconte comment son fils Baptiste a remplac\u00e9 \u00c9ric Charden dans sa carri\u00e8re apr\u00e8s sa mort"},"content":{"rendered":"<p>Dans les ann\u00e9es 70, impossible de passer \u00e0 c\u00f4t\u00e9 de Stone et Charden, noms de sc\u00e8ne d&rsquo;<a href=\"https:\/\/www.programme-tv.net\/news\/musique\/300470-notre-nuit-de-noces-fut-catastrophique-stone-se-souvient-de-son-mariage-avec-eric-charden\/\" data-api-deeplink=\"teleloisirs:\/\/news\/300470\" target=\"_blank\" rel=\"noopener\">\u00c9ric Charden et de son \u00e9pouse Annie Gautrat<\/a>. L&rsquo;avventura, Made in Normandie, Il y a du soleil sur la France\u2026 Le couple \u00e0 la ville devient un duo sur sc\u00e8ne. <a href=\"https:\/\/www.programme-tv.net\/news\/musique\/308914-il-etait-extremement-infidele-stone-revient-sur-son-divorce-davec-eric-charden-moitie-du-duo-stone-charden\/\" data-api-deeplink=\"teleloisirs:\/\/news\/308914\" target=\"_blank\" rel=\"noopener\">Mais celui-ci implose rapidement et se s\u00e9pare en 1974<\/a>, avant de bri\u00e8vement se reformer dans les ann\u00e9es 80 puis 90, sans jamais pour autant faire rena\u00eetre l&rsquo;histoire d&rsquo;amour. De leur passion est tout de m\u00eame n\u00e9 un enfant, Baptiste. <a href=\"https:\/\/www.programme-tv.net\/news\/people\/355695-il-etait-persuade-qu-il-allait-s-en-sortir-stone-revient-sur-le-combat-contre-le-cancer-d-eric-charden-video\/\" data-api-deeplink=\"teleloisirs:\/\/news\/355695\" target=\"_blank\" rel=\"noopener\">Atteint de la maladie de Hodgkin, \u00c9ric Charden<\/a> (nom d&#8217;emprunt de Jacques Andr\u00e9 Gilbert Puissant), qui avait r\u00e9ussi une carri\u00e8re en solo, avec notamment le titre L\u2019\u00e9t\u00e9 s\u2019ra chaud, meurt en 2012. Mais son h\u00e9ritage musical perdure \u00e0 travers son premier fils, lequel se d\u00e9finit comme \u00ab\u00a0enfant de la vari\u00e9t\u00e9, de la pop et du folk et artiste aux influences \u00e9clectiques\u00a0\u00bb. S&rsquo;il a sorti son premier album en juin 2025, il monte surtout sur sc\u00e8ne avec sa maman. Mercredi 6 ao\u00fbt, au micro de Sud Radio, cette derni\u00e8re se confie sur leur collaboration.<\/p>\n<p>                        Le r\u00f4le \u00e9tonnant de Baptiste Charden dans la suite de la carri\u00e8re de Stone<\/p>\n<p>\u00ab\u00a0Je fais encore des spectacles et des choses, mais je choisis, je trie. J\u2019estime que je peux faire ce dont j\u2019ai envie et refuser ce qui ne me pla\u00eet pas\u00a0\u00bb, explique la chanteuse de 78 ans. Et s&rsquo;il y a un projet auquel elle ne peut pas dire non, c&rsquo;est celui qu&rsquo;elle partage avec son fils. \u00ab\u00a0On a repris les spectacles, les galas Stone et Charden avec Baptiste Charden, mon fils a\u00een\u00e9 [elle a eu d&rsquo;autres enfants avec son second mari, Mario D&rsquo;alba, ndlr]. On en fait beaucoup. Et l\u00e0, en septembre il y en a trois et en octobre il y en a quatre je crois. On se d\u00e9place beaucoup, surtout les week-ends. On va chanter un peu partout. On va en Belgique, dans le Nord, on a diff\u00e9rents points de chute. Et ce qui est formidable, c\u2019est qu\u2019on a, ce n\u2019est pas pour nous vanter mais, on a un gros succ\u00e8s\u00a0\u00bb, explique-t-elle. Les raisons de cet engouement du public ? \u00ab\u00a0Les gens sont ravis de retrouver Stone et Charden \u00e0 l\u2019ancienne, puisque Baptiste chante les chansons de son p\u00e8re. Eric, seul, a fait quelques tubes, il les chante aussi. Et bien s\u00fbr on fait tous les duos ensemble. C\u2019est tr\u00e8s sympathique, en plus Baptiste a une superbe voix, il est tr\u00e8s showman sur sc\u00e8ne. Il y a une belle ambiance. [\u2026] On sent que c\u2019est pour lui une passion, c\u2019est g\u00e9nial\u00a0\u00bb.<\/p>\n<p>            Quand et o\u00f9 ont lieu les concerts de Stone et Baptiste Charden ?<\/p>\n<p>Apr\u00e8s une courte pause estivale, m\u00e8re et fils seront encore sur sc\u00e8ne jusqu\u2019\u00e0 la fin de l\u2019ann\u00e9e. Sur son site internet, Baptiste Charden annonce des concerts de \u00ab\u00a0Stone &amp; Charden Baptiste\u00a0\u00bb : le 20 septembre 2025 au salon St Jacques, Neuville St Remy, le 28 septembre 2025 \u00e0 Ancy-le-Franc, le 25 octobre 2025 au gymnase communal d&rsquo;Amay en Belgique, et le 29 novembre 2025 \u00e0 Issoire. \u00ab\u00a0D&rsquo;autres dates \u00e0 venir&#8230;\u00a0\u00bb, ajoute-t-il, pour ceux qui souhaitent revivre les ann\u00e9es 70 \u00e0 travers ce duo nostalgique.<\/p>\n","protected":false},"excerpt":{"rendered":"Dans les ann\u00e9es 70, impossible de passer \u00e0 c\u00f4t\u00e9 de Stone et Charden, noms de sc\u00e8ne d&rsquo;\u00c9ric Charden&hellip;\n","protected":false},"author":2,"featured_media":301408,"comment_status":"","ping_status":"","sticky":false,"template":"","format":"standard","meta":{"footnotes":""},"categories":[1355],"tags":[244,6924,58,59,44147,1742,1011,27,1361,873,30832],"class_list":{"0":"post-301407","1":"post","2":"type-post","3":"status-publish","4":"format-standard","5":"has-post-thumbnail","7":"category-musique","8":"tag-commentaire","9":"tag-couples-de-stars","10":"tag-divertissement","11":"tag-entertainment","12":"tag-eric-charden","13":"tag-fils","14":"tag-fr","15":"tag-france","16":"tag-music","17":"tag-musique","18":"tag-stone"},"share_on_mastodon":{"url":"https:\/\/pubeurope.com\/@fr\/114984262308161208","error":""},"_links":{"self":[{"href":"https:\/\/www.europesays.com\/fr\/wp-json\/wp\/v2\/posts\/301407","targetHints":{"allow":["GET"]}}],"collection":[{"href":"https:\/\/www.europesays.com\/fr\/wp-json\/wp\/v2\/posts"}],"about":[{"href":"https:\/\/www.europesays.com\/fr\/wp-json\/wp\/v2\/types\/post"}],"author":[{"embeddable":true,"href":"https:\/\/www.europesays.com\/fr\/wp-json\/wp\/v2\/users\/2"}],"replies":[{"embeddable":true,"href":"https:\/\/www.europesays.com\/fr\/wp-json\/wp\/v2\/comments?post=301407"}],"version-history":[{"count":0,"href":"https:\/\/www.europesays.com\/fr\/wp-json\/wp\/v2\/posts\/301407\/revisions"}],"wp:featuredmedia":[{"embeddable":true,"href":"https:\/\/www.europesays.com\/fr\/wp-json\/wp\/v2\/media\/301408"}],"wp:attachment":[{"href":"https:\/\/www.europesays.com\/fr\/wp-json\/wp\/v2\/media?parent=301407"}],"wp:term":[{"taxonomy":"category","embeddable":true,"href":"https:\/\/www.europesays.com\/fr\/wp-json\/wp\/v2\/categories?post=301407"},{"taxonomy":"post_tag","embeddable":true,"href":"https:\/\/www.europesays.com\/fr\/wp-json\/wp\/v2\/tags?post=301407"}],"curies":[{"name":"wp","href":"https:\/\/api.w.org\/{rel}","templated":true}]}}