{"id":301411,"date":"2025-08-06T22:50:14","date_gmt":"2025-08-06T22:50:14","guid":{"rendered":"https:\/\/www.europesays.com\/fr\/301411\/"},"modified":"2025-08-06T22:50:14","modified_gmt":"2025-08-06T22:50:14","slug":"apres-60-ans-ce-medicament-pour-dormir-tres-prescrit-aux-seniors-pourrait-faire-perdre-la-memoire","status":"publish","type":"post","link":"https:\/\/www.europesays.com\/fr\/301411\/","title":{"rendered":"Apr\u00e8s 60 ans, ce m\u00e9dicament pour dormir tr\u00e8s prescrit aux seniors pourrait faire perdre la m\u00e9moire"},"content":{"rendered":"<p>Un m\u00e9dicament pour dormir tr\u00e8s prescrit apr\u00e8s 60 ans pourrait augmenter le risque de d\u00e9mence de 60\u202f% chez les seniors, selon des donn\u00e9es Inserm. L\u2019ANSM alerte sur leur usage prolong\u00e9 et pr\u00e9conise des alternatives non m\u00e9dicamenteuses pour pr\u00e9server la m\u00e9moire.<\/p>\n<p>Se sentir \u00e9puis\u00e9 et chercher un sommeil r\u00e9parateur a<strong>pr\u00e8s 60 ans<\/strong> semble naturel. Pourtant, un m\u00e9dicament prescrit pour aider \u00e0 dormir pourrait vous faire perdre la m\u00e9moire, c&rsquo;est ce que souligne une alerte de sant\u00e9 lanc\u00e9e d\u00e9but avril en France. L\u2019ANSM met en garde sur l\u2019usage prolong\u00e9 d\u2019un type de<strong> benzodiaz\u00e9pine<\/strong> chez les seniors.<\/p>\n<p>Ces m\u00e9dicaments sont souvent prescrits pour calmer<strong> l\u2019anxi\u00e9t\u00e9<\/strong> ou <a href=\"https:\/\/www.pleinevie.fr\/sante\/cette-boisson-aide-a-lutter-contre-les-insomnies-selon-un-neurologue-109914.html\" rel=\"nofollow noopener\" target=\"_blank\">combattre l\u2019insomnie<\/a> s\u00e9v\u00e8re chez les plus de 65 ans. Mais l\u2019agence indique que \u00ab\u00a0ces m\u00e9dicaments ne sont pas sans risques\u00a0\u00bb et que \u00ab\u00a0chez les personnes \u00e2g\u00e9es, elles peuvent \u00eatre \u00e9galement \u00e0 l\u2019origine d\u2019autres types d\u2019effets ind\u00e9sirables graves tels que des chutes et des troubles cognitifs\u00a0\u00bb.<\/p>\n<p>     Pourquoi les benzodiaz\u00e9pines posent probl\u00e8me apr\u00e8s 60 ans ?  <\/p>\n<p>Dans une campagne lanc\u00e9e le 10\u202favril,<strong> l\u2019ANSM<\/strong> alerte sur les prescriptions trop longues chez les <a href=\"https:\/\/www.pleinevie.fr\/conso-argent\/transports\/le-permis-a-vie-pour-les-seniors-cest-fini-ce-changement-majeur-en-italie-pourrait-bientot-concerner-les-conducteurs-francais-167495.html\" rel=\"nofollow noopener\" target=\"_blank\">seniors<\/a>, souvent au\u2011del\u00e0 des dur\u00e9es recommand\u00e9es (3 semaines pour l\u2019insomnie, 12 semaines pour l\u2019anxi\u00e9t\u00e9) pour des mol\u00e9cules commercialis\u00e9es depuis <strong>les ann\u00e9es 1960<\/strong>. Et il en ressort que, <strong>Les benzodiaz\u00e9pines<\/strong> sont en effet tr\u00e8s prescrites aux plus de <a href=\"https:\/\/www.pleinevie.fr\/sante\/vous-avez-plus-de-65-ans-et-prenez-plusieurs-medicaments-ce-que-vous-devez-absolument-savoir-sur-les-risques-invisibles-168109.html\" rel=\"nofollow noopener\" target=\"_blank\">65 ans<\/a>, relate<a href=\"https:\/\/sante.journaldesfemmes.fr\/traitements-et-medicaments\/3224168-3-millions-de-francais-prennent-ce-medicament-pour-dormir\/\" rel=\"nofollow noopener\" target=\"_blank\"> le Journal des Femmes<\/a>.<\/p>\n<p>L\u2019\u00e9tude men\u00e9e par les sp\u00e9cialistes <a href=\"https:\/\/presse.inserm.fr\/la-consommation-de-benzodiazepines-est-associee-a-un-risque-de-survenue-de-demences\/21661\/\" rel=\"nofollow noopener\" target=\"_blank\">d&rsquo;Inserm<\/a> a suivi <strong>8\u202f240<\/strong> personnes \u00e2g\u00e9es de plus de <strong>65 ans<\/strong> pendant plus de huit ans. Parmi elles, <strong>830<\/strong> ont d\u00e9velopp\u00e9 une d\u00e9mence. Les auteurs notent que les benzodiaz\u00e9pines \u00e0 demi\u2011vie longue (plus de 20\u202fh dans l\u2019organisme) sont associ\u00e9es \u00e0 un risque de d\u00e9mence major\u00e9 de 60\u202f%.<\/p>\n<p>Christophe Tzourio, neurologue et co\u2011auteur du centre de recherche d&rsquo;Inserm, d\u00e9clare :\u00a0\u00bbIl y a clairement une diff\u00e9rence de signal entre benzodiaz\u00e9pines \u00e0 dur\u00e9e de vie longue et celles \u00e0 dur\u00e9e courte. Or les premi\u00e8res ont d\u00e9j\u00e0 \u00e9t\u00e9 identifi\u00e9es comme dangereuses chez les personnes \u00e2g\u00e9es, notamment en raison du risque de chutes, et nous avons \u00e9t\u00e9 \u00e9tonn\u00e9s de voir qu\u2019elles \u00e9taient encore fr\u00e9quemment consomm\u00e9es\u00a0\u00bb.<\/p>\n<p><img loading=\"lazy\" decoding=\"async\" itemprop=\"thumbnailUrl\" class=\"alignnone size-large wp-image-162388 img-responsive \" src=\"data:image\/svg+xml,%3Csvg%20xmlns=\" http:=\"\" alt=\"\" width=\"1024\" height=\"576\" data-lazy-src=\"https:\/\/www.europesays.com\/fr\/wp-content\/uploads\/2025\/08\/a-60-ans-ce-symptome-anodin-tres-commun-cachait-en-fait.-une-tumeur-au-cerveau-1024x576.jpg\"\/> \u00a9  fizkes \/ shutterstock<\/p>\n<p>  Quelles alternatives aux benzodiaz\u00e9pines apr\u00e8s 60 ans ?  <\/p>\n<p>Face \u00e0 ces <strong>risques<\/strong>, l\u2019\u00e9tude recommande vivement la prudence : \u00ab\u00a0Nos r\u00e9sultats sugg\u00e8rent au minimum une vigilance renforc\u00e9e de tous, en particulier des m\u00e9decins et des autorit\u00e9s de sant\u00e9, pour \u00e9viter cette consommation de benzodiaz\u00e9pines \u00e0 demi\u2011vie longue chez les personnes \u00e2g\u00e9es\u00a0\u00bb.<\/p>\n<p>D\u2019autres pistes non m\u00e9dicamenteuses sont propos\u00e9es : activit\u00e9 physique r\u00e9guli\u00e8re, limitation des siestes, diminution des nuisances lumineuses ou sonores et consultation du <a href=\"https:\/\/www.pleinevie.fr\/sante\/il-pensait-soulager-ses-brulures-destomac-son-medecin-decouvre-que-ca-reduisait-leffet-de-son-traitement-anticancer-167990.html\" rel=\"nofollow noopener\" target=\"_blank\">m\u00e9decin<\/a> ou pharmacien pour explorer d\u2019autres solutions. <strong>L\u2019ANSM<\/strong> insiste aussi : les <strong>benzodiaz\u00e9pines<\/strong> doivent rester \u00ab\u00a0une aide temporaire\u00a0\u00bb, et ne jamais \u00eatre associ\u00e9es entre elles afin de limiter l\u2019effet cumulatif des risques.<\/p>\n","protected":false},"excerpt":{"rendered":"Un m\u00e9dicament pour dormir tr\u00e8s prescrit apr\u00e8s 60 ans pourrait augmenter le risque de d\u00e9mence de 60\u202f% chez&hellip;\n","protected":false},"author":2,"featured_media":301412,"comment_status":"","ping_status":"","sticky":false,"template":"","format":"standard","meta":{"footnotes":""},"categories":[10],"tags":[1011,27,43274,72,71],"class_list":{"0":"post-301411","1":"post","2":"type-post","3":"status-publish","4":"format-standard","5":"has-post-thumbnail","7":"category-sante","8":"tag-fr","9":"tag-france","10":"tag-ga1","11":"tag-health","12":"tag-sante"},"share_on_mastodon":{"url":"https:\/\/pubeurope.com\/@fr\/114984270123529633","error":""},"_links":{"self":[{"href":"https:\/\/www.europesays.com\/fr\/wp-json\/wp\/v2\/posts\/301411","targetHints":{"allow":["GET"]}}],"collection":[{"href":"https:\/\/www.europesays.com\/fr\/wp-json\/wp\/v2\/posts"}],"about":[{"href":"https:\/\/www.europesays.com\/fr\/wp-json\/wp\/v2\/types\/post"}],"author":[{"embeddable":true,"href":"https:\/\/www.europesays.com\/fr\/wp-json\/wp\/v2\/users\/2"}],"replies":[{"embeddable":true,"href":"https:\/\/www.europesays.com\/fr\/wp-json\/wp\/v2\/comments?post=301411"}],"version-history":[{"count":0,"href":"https:\/\/www.europesays.com\/fr\/wp-json\/wp\/v2\/posts\/301411\/revisions"}],"wp:featuredmedia":[{"embeddable":true,"href":"https:\/\/www.europesays.com\/fr\/wp-json\/wp\/v2\/media\/301412"}],"wp:attachment":[{"href":"https:\/\/www.europesays.com\/fr\/wp-json\/wp\/v2\/media?parent=301411"}],"wp:term":[{"taxonomy":"category","embeddable":true,"href":"https:\/\/www.europesays.com\/fr\/wp-json\/wp\/v2\/categories?post=301411"},{"taxonomy":"post_tag","embeddable":true,"href":"https:\/\/www.europesays.com\/fr\/wp-json\/wp\/v2\/tags?post=301411"}],"curies":[{"name":"wp","href":"https:\/\/api.w.org\/{rel}","templated":true}]}}