{"id":301431,"date":"2025-08-06T23:03:12","date_gmt":"2025-08-06T23:03:12","guid":{"rendered":"https:\/\/www.europesays.com\/fr\/301431\/"},"modified":"2025-08-06T23:03:12","modified_gmt":"2025-08-06T23:03:12","slug":"hyeres-francois-cornileau-superbus-un-demi-projet-pour-une-demi-metropole","status":"publish","type":"post","link":"https:\/\/www.europesays.com\/fr\/301431\/","title":{"rendered":"HYERES : Fran\u00e7ois Cornileau : \u00ab\u00a0Superbus, un demi projet pour une demi-m\u00e9tropole\u00a0\u00bb"},"content":{"rendered":"<p><strong>Pour Fran\u00e7ois Cornileau, candidat \u00e0 la mairie de Hy\u00e8res pour les prochaines \u00e9lections municipales de 2026 : \u00ab\u00a0400 millions d\u2019\u20ac. 28 km de trac\u00e9\u00a0\u00bb.<\/strong><\/p>\n<p><strong>Fran\u00e7ois Cornileau, pr\u00e9sident et fondateur de l\u2019Union des Hy\u00e8rois (UDH) <\/strong>: \u00ab\u00a0Un projet dit \u00ab\u00a0structurant\u00a0\u00bb qui s\u2019arr\u00eate \u00e0 La Garde, \u00e0 La Pauline (et en 2038 !). Pas un m\u00e8tre de plus.<\/p>\n<p><img decoding=\"async\" src=\"https:\/\/www.europesays.com\/fr\/wp-content\/uploads\/2025\/08\/Francois-Cornileau-president-et-fondateur-de-lUnion-des-Hyerois-UDH.jpg\"\/><\/p>\n<p>\u00ab\u00a0400 millions d\u2019\u20ac. 28 km de trac\u00e9.<\/p>\n<p>Un projet dit \u00ab\u00a0structurant\u00a0\u00bb\u2026 qui s\u2019arr\u00eate \u00e0 La Garde, \u00e0 La Pauline (et en 2038!). Pas un m\u00e8tre de plus.<\/p>\n<p>\ud83d\udc49 Hy\u00e8res ? Oubli\u00e9e.<\/p>\n<p>\ud83d\udc49 Le tramway ? Enterr\u00e9.<\/p>\n<p>\ud83d\udc49 La commission d\u2019enqu\u00eate ? \u00c9met des doutes sur le choix du mode et la strat\u00e9gie.<\/p>\n<p>Ce projet \u00e9tait une chance de penser grand, durable, interconnect\u00e9. On en fait un gadget co\u00fbteux, sans vision.<\/p>\n<p>Et pendant ce temps-l\u00e0, Hy\u00e8res et son a\u00e9roport \u2013 56 000 habitants, 2 millions de visiteurs \u2013 restent sans vraie solution de transport collectif.<\/p>\n<p>\ud83d\udfe1 L\u2019Union des Hy\u00e9rois refuse ce d\u00e9classement.<\/p>\n<p><strong>Nous reviendrons sur cet enjeu crucial pour la vie quotidienne des Hy\u00e9roises et des Hy\u00e9rois comme pour l\u2019attractivit\u00e9 de notre ville, mais notre vision est claire :<\/strong><\/p>\n<p>\u2705 Une connexion directe \u00e0 l\u2019ensemble des r\u00e9seaux m\u00e9tropolitains \u2013 y compris maritimes ;<\/p>\n<p>\u2705 Des lignes express, s\u00e9curis\u00e9es, cadenc\u00e9es, propres et accessibles ;<\/p>\n<p>\u2705 Un plan de d\u00e9placement urbain (PDU) moderne et ambitieux, pens\u00e9 pour les g\u00e9n\u00e9rations \u00e0 venir \u2013 pas juste pour un mandat (Quid de la voie L\u00e9opold Ritondale, des tr\u00e9mies promises puis mises au placard ?).<\/p>\n<p>Comment imaginer le futur p\u00f4le multimodal hy\u00e9rois sans liaison TCSP vers l\u2019int\u00e9rieur de la m\u00e9tropole ?<\/p>\n<p>\ud83d\udce3 Hy\u00e8res m\u00e9rite mieux que le m\u00e9pris. Elle m\u00e9rite un cap et de l\u2019ambition\u00a0\u00bb.<\/p>\n<p><strong>Photos Philippe OLIVIER (PRESSE AGENCE \u2013 LA GAZETTE DU VAR).<\/strong><\/p>\n","protected":false},"excerpt":{"rendered":"Pour Fran\u00e7ois Cornileau, candidat \u00e0 la mairie de Hy\u00e8res pour les prochaines \u00e9lections municipales de 2026 : \u00ab\u00a0400&hellip;\n","protected":false},"author":2,"featured_media":301432,"comment_status":"","ping_status":"","sticky":false,"template":"","format":"standard","meta":{"footnotes":""},"categories":[9619],"tags":[1111,11,1777,674,1011,27,12,882,25,2310],"class_list":{"0":"post-301431","1":"post","2":"type-post","3":"status-publish","4":"format-standard","5":"has-post-thumbnail","7":"category-toulon","8":"tag-actu","9":"tag-actualites","10":"tag-eu","11":"tag-europe","12":"tag-fr","13":"tag-france","14":"tag-news","15":"tag-provence-alpes-cote-dazur","16":"tag-republique-francaise","17":"tag-toulon"},"share_on_mastodon":{"url":"https:\/\/pubeurope.com\/@fr\/114984321256305839","error":""},"_links":{"self":[{"href":"https:\/\/www.europesays.com\/fr\/wp-json\/wp\/v2\/posts\/301431","targetHints":{"allow":["GET"]}}],"collection":[{"href":"https:\/\/www.europesays.com\/fr\/wp-json\/wp\/v2\/posts"}],"about":[{"href":"https:\/\/www.europesays.com\/fr\/wp-json\/wp\/v2\/types\/post"}],"author":[{"embeddable":true,"href":"https:\/\/www.europesays.com\/fr\/wp-json\/wp\/v2\/users\/2"}],"replies":[{"embeddable":true,"href":"https:\/\/www.europesays.com\/fr\/wp-json\/wp\/v2\/comments?post=301431"}],"version-history":[{"count":0,"href":"https:\/\/www.europesays.com\/fr\/wp-json\/wp\/v2\/posts\/301431\/revisions"}],"wp:featuredmedia":[{"embeddable":true,"href":"https:\/\/www.europesays.com\/fr\/wp-json\/wp\/v2\/media\/301432"}],"wp:attachment":[{"href":"https:\/\/www.europesays.com\/fr\/wp-json\/wp\/v2\/media?parent=301431"}],"wp:term":[{"taxonomy":"category","embeddable":true,"href":"https:\/\/www.europesays.com\/fr\/wp-json\/wp\/v2\/categories?post=301431"},{"taxonomy":"post_tag","embeddable":true,"href":"https:\/\/www.europesays.com\/fr\/wp-json\/wp\/v2\/tags?post=301431"}],"curies":[{"name":"wp","href":"https:\/\/api.w.org\/{rel}","templated":true}]}}