{"id":301443,"date":"2025-08-06T23:13:40","date_gmt":"2025-08-06T23:13:40","guid":{"rendered":"https:\/\/www.europesays.com\/fr\/301443\/"},"modified":"2025-08-06T23:13:40","modified_gmt":"2025-08-06T23:13:40","slug":"mercato-rennes-kazeem-olaigbe-se-rapproche-de-trabzonspor","status":"publish","type":"post","link":"https:\/\/www.europesays.com\/fr\/301443\/","title":{"rendered":"Mercato Rennes\u00a0: Kazeem Olaigbe se rapproche de Trabzonspor"},"content":{"rendered":"<p class=\"paragraph text_align_left lp-f-body-02\">Kazeem Olaigbe s\u2019appr\u00eate d\u00e9j\u00e0 \u00e0 quitter Rennes. <a href=\"https:\/\/www.leparisien.fr\/sports\/football\/ligue-1\/mercato-rennes-kazeem-olaigbe-en-approche-02-02-2025-WT6CAS6VRBGR7D7VAPGKH6J4RU.php\" rel=\"nofollow noopener\" target=\"_blank\">Arriv\u00e9 en janvier en provenance du Cercle Bruges<\/a>, l\u2019ailier belge de 22 ans est tr\u00e8s proche d\u2019un rebond en Turquie. Comme l\u2019ont annonc\u00e9 les m\u00e9dias locaux, il pourrait rejoindre Trabzonspor qui a soumis une offre proche de son prix d\u2019achat, \u00e0 savoir 5 millions d\u2019euros.<\/p>\n<p class=\"paragraph text_align_left lp-f-body-02\">L\u2019attaquant du Stade Rennais, apparu 10 fois <a href=\"https:\/\/www.leparisien.fr\/sports\/football\/ligue-1\/\" rel=\"nofollow noopener\" target=\"_blank\">en Ligue 1<\/a>, a eu quelques fulgurances la saison derni\u00e8re (2 passes d\u00e9cisives), sans jamais r\u00e9ellement s\u2019imposer dans l\u2019\u00e9quipe. Habib Beye ne compte pas sur lui et l\u2019a d\u2019ailleurs \u00e9cart\u00e9 du groupe il y a quelques jours. Selon nos informations, il a autoris\u00e9 \u00e0 voyager en fin de journ\u00e9e direction la Turquie o\u00f9 toutes les parties devront finaliser l\u2019op\u00e9ration.<\/p>\n","protected":false},"excerpt":{"rendered":"Kazeem Olaigbe s\u2019appr\u00eate d\u00e9j\u00e0 \u00e0 quitter Rennes. Arriv\u00e9 en janvier en provenance du Cercle Bruges, l\u2019ailier belge de&hellip;\n","protected":false},"author":2,"featured_media":301444,"comment_status":"","ping_status":"","sticky":false,"template":"","format":"standard","meta":{"footnotes":""},"categories":[2821],"tags":[1111,11,829,1777,674,63,1011,27,66,12,584,25,60],"class_list":{"0":"post-301443","1":"post","2":"type-post","3":"status-publish","4":"format-standard","5":"has-post-thumbnail","7":"category-rennes","8":"tag-actu","9":"tag-actualites","10":"tag-bretagne","11":"tag-eu","12":"tag-europe","13":"tag-football","14":"tag-fr","15":"tag-france","16":"tag-ligue-1","17":"tag-news","18":"tag-rennes","19":"tag-republique-francaise","20":"tag-sports"},"share_on_mastodon":{"url":"https:\/\/pubeurope.com\/@fr\/114984360497229630","error":""},"_links":{"self":[{"href":"https:\/\/www.europesays.com\/fr\/wp-json\/wp\/v2\/posts\/301443","targetHints":{"allow":["GET"]}}],"collection":[{"href":"https:\/\/www.europesays.com\/fr\/wp-json\/wp\/v2\/posts"}],"about":[{"href":"https:\/\/www.europesays.com\/fr\/wp-json\/wp\/v2\/types\/post"}],"author":[{"embeddable":true,"href":"https:\/\/www.europesays.com\/fr\/wp-json\/wp\/v2\/users\/2"}],"replies":[{"embeddable":true,"href":"https:\/\/www.europesays.com\/fr\/wp-json\/wp\/v2\/comments?post=301443"}],"version-history":[{"count":0,"href":"https:\/\/www.europesays.com\/fr\/wp-json\/wp\/v2\/posts\/301443\/revisions"}],"wp:featuredmedia":[{"embeddable":true,"href":"https:\/\/www.europesays.com\/fr\/wp-json\/wp\/v2\/media\/301444"}],"wp:attachment":[{"href":"https:\/\/www.europesays.com\/fr\/wp-json\/wp\/v2\/media?parent=301443"}],"wp:term":[{"taxonomy":"category","embeddable":true,"href":"https:\/\/www.europesays.com\/fr\/wp-json\/wp\/v2\/categories?post=301443"},{"taxonomy":"post_tag","embeddable":true,"href":"https:\/\/www.europesays.com\/fr\/wp-json\/wp\/v2\/tags?post=301443"}],"curies":[{"name":"wp","href":"https:\/\/api.w.org\/{rel}","templated":true}]}}