{"id":301451,"date":"2025-08-06T23:18:11","date_gmt":"2025-08-06T23:18:11","guid":{"rendered":"https:\/\/www.europesays.com\/fr\/301451\/"},"modified":"2025-08-06T23:18:11","modified_gmt":"2025-08-06T23:18:11","slug":"previsions-du-jeudi-7-aout-2025-3","status":"publish","type":"post","link":"https:\/\/www.europesays.com\/fr\/301451\/","title":{"rendered":"pr\u00e9visions du jeudi 7 ao\u00fbt 2025"},"content":{"rendered":"<p>Cette journ\u00e9e rimera avec beau soleil pour Nantes. Les temp\u00e9ratures afficheront entre 13\u00b0C et 32\u00b0C. Il va faire environ 23\u00b0C, le matin. Un vent de nord-est soufflera l\u00e9g\u00e8rement. L&rsquo;apr\u00e8s-midi, c&rsquo;est une hausse de plusieurs degr\u00e9s que vont conna\u00eetre les temp\u00e9ratures. L&rsquo;\u00e9pisode de grosses chaleurs est bien l\u00e0, avec des valeurs qui pourront monter jusqu&rsquo;\u00e0 32\u00b0C. Le soir, on pr\u00e9voit des temp\u00e9ratures avoisinant 22\u00b0C. On passera de jeudi \u00e0 vendredi par une nuit claire.<\/p>\n<p>Demain, les Nantais vont pouvoir b\u00e9n\u00e9ficier d&rsquo;un soleil radieux. Les valeurs maximales annonc\u00e9es sont importantes, avec 33\u00b0C. Les temp\u00e9ratures s&rsquo;\u00e9chelonneront entre 13 et 33\u00b0C. Une petite brise de nord-est sera ressentie par les habitants. Attention \u00e0 la vague de chaleur au cours de la matin\u00e9e. Des valeurs de 15 \u00e0 30\u00b0C sont pr\u00e9vues. Il fera 23\u00b0C en moyenne. La m\u00e9t\u00e9o va se r\u00e9chauffer demain apr\u00e8s-midi avec une augmentation de plusieurs degr\u00e9s. Les fortes chaleurs sont install\u00e9es. Avec des temp\u00e9ratures \u00e9chelonn\u00e9es entre 31 et 33\u00b0C. La ville va subir, demain soir, une vague de grosses chaleurs avec des valeurs qui atteindront parfois les 31\u00b0C.<\/p>\n<p>Les jours suivants s&rsquo;annoncent identiques. Il va faire un temps assez ensoleill\u00e9 avec des temp\u00e9ratures d&rsquo;environ 35\u00b0C.<\/p>\n<p>M\u00eame si l&rsquo;on peut aimer la chaleur, il ne faut toutefois pas oublier de s&rsquo;en prot\u00e9ger et surtout rester vigilant vis-\u00e0-vis des personnes les plus vuln\u00e9rables. Une bonne hydratation et de l&rsquo;\u00e9cran solaire sont n\u00e9cessaires face au soleil.<\/p>\n","protected":false},"excerpt":{"rendered":"Cette journ\u00e9e rimera avec beau soleil pour Nantes. Les temp\u00e9ratures afficheront entre 13\u00b0C et 32\u00b0C. Il va faire&hellip;\n","protected":false},"author":2,"featured_media":301452,"comment_status":"","ping_status":"","sticky":false,"template":"","format":"standard","meta":{"footnotes":""},"categories":[2818],"tags":[1111,11,1777,674,1011,27,3047,766,12,2636,2119,25],"class_list":{"0":"post-301451","1":"post","2":"type-post","3":"status-publish","4":"format-standard","5":"has-post-thumbnail","7":"category-nantes","8":"tag-actu","9":"tag-actualites","10":"tag-eu","11":"tag-europe","12":"tag-fr","13":"tag-france","14":"tag-loire-atlantique","15":"tag-nantes","16":"tag-news","17":"tag-pays-de-la-loire","18":"tag-previsions-meteo","19":"tag-republique-francaise"},"share_on_mastodon":{"url":"https:\/\/pubeurope.com\/@fr\/114984380177199552","error":""},"_links":{"self":[{"href":"https:\/\/www.europesays.com\/fr\/wp-json\/wp\/v2\/posts\/301451","targetHints":{"allow":["GET"]}}],"collection":[{"href":"https:\/\/www.europesays.com\/fr\/wp-json\/wp\/v2\/posts"}],"about":[{"href":"https:\/\/www.europesays.com\/fr\/wp-json\/wp\/v2\/types\/post"}],"author":[{"embeddable":true,"href":"https:\/\/www.europesays.com\/fr\/wp-json\/wp\/v2\/users\/2"}],"replies":[{"embeddable":true,"href":"https:\/\/www.europesays.com\/fr\/wp-json\/wp\/v2\/comments?post=301451"}],"version-history":[{"count":0,"href":"https:\/\/www.europesays.com\/fr\/wp-json\/wp\/v2\/posts\/301451\/revisions"}],"wp:featuredmedia":[{"embeddable":true,"href":"https:\/\/www.europesays.com\/fr\/wp-json\/wp\/v2\/media\/301452"}],"wp:attachment":[{"href":"https:\/\/www.europesays.com\/fr\/wp-json\/wp\/v2\/media?parent=301451"}],"wp:term":[{"taxonomy":"category","embeddable":true,"href":"https:\/\/www.europesays.com\/fr\/wp-json\/wp\/v2\/categories?post=301451"},{"taxonomy":"post_tag","embeddable":true,"href":"https:\/\/www.europesays.com\/fr\/wp-json\/wp\/v2\/tags?post=301451"}],"curies":[{"name":"wp","href":"https:\/\/api.w.org\/{rel}","templated":true}]}}