{"id":301461,"date":"2025-08-06T23:25:11","date_gmt":"2025-08-06T23:25:11","guid":{"rendered":"https:\/\/www.europesays.com\/fr\/301461\/"},"modified":"2025-08-06T23:25:11","modified_gmt":"2025-08-06T23:25:11","slug":"previsions-du-jeudi-7-aout-2025-5","status":"publish","type":"post","link":"https:\/\/www.europesays.com\/fr\/301461\/","title":{"rendered":"pr\u00e9visions du jeudi 7 ao\u00fbt 2025"},"content":{"rendered":"<p>Aujourd&rsquo;hui, Lille se retrouvera sous des valeurs autour de 22\u00b0C. C&rsquo;est un soleil radieux qui va briller le matin. Un l\u00e9ger vent de sud-ouest sera ressenti par les habitants. L&rsquo;apr\u00e8s-midi, apr\u00e8s un rapide passage nuageux, le vent va peu \u00e0 peu \u00e9loigner les nuages. Les temp\u00e9ratures s&rsquo;\u00e9chelonneront entre 24 et 27\u00b0C. Dans la soir\u00e9e, les temp\u00e9ratures seront de 22\u00b0C. Le ciel sera d\u00e9pourvu de nuages dans la nuit de jeudi \u00e0 vendredi.<\/p>\n<p>Demain, on anticipe pour Lille des valeurs avoisinant 22\u00b0C. Un vent de sud-ouest rafra\u00eechira l\u00e9g\u00e8rement l&rsquo;atmosph\u00e8re. Le ciel sera nuageux dans la matin\u00e9e. Des pluies \u00e9parses sont attendues. Les temp\u00e9ratures tourneront autour des 22\u00b0C. Un beau soleil est pr\u00e9vu demain apr\u00e8s-midi. Les temp\u00e9ratures vont enregistrer une augmentation de plusieurs degr\u00e9s. Les valeurs afficheront entre 26 et 28\u00b0C. Il va faire 22\u00b0C en moyenne demain soir.<\/p>\n<p>Les jours qui suivent s&rsquo;annoncent identiques. Des temp\u00e9ratures dans les 29\u00b0C iront de pair avec un ciel ensoleill\u00e9.<\/p>\n<p><\/p>\n","protected":false},"excerpt":{"rendered":"Aujourd&rsquo;hui, Lille se retrouvera sous des valeurs autour de 22\u00b0C. C&rsquo;est un soleil radieux qui va briller le&hellip;\n","protected":false},"author":2,"featured_media":301462,"comment_status":"","ping_status":"","sticky":false,"template":"","format":"standard","meta":{"footnotes":""},"categories":[2815],"tags":[1111,11,1777,674,1011,27,811,1307,12,1308,1309,2119,25],"class_list":{"0":"post-301461","1":"post","2":"type-post","3":"status-publish","4":"format-standard","5":"has-post-thumbnail","7":"category-lille","8":"tag-actu","9":"tag-actualites","10":"tag-eu","11":"tag-europe","12":"tag-fr","13":"tag-france","14":"tag-hauts-de-france","15":"tag-lille","16":"tag-news","17":"tag-nord","18":"tag-nord-pas-de-calais","19":"tag-previsions-meteo","20":"tag-republique-francaise"},"share_on_mastodon":{"url":"https:\/\/pubeurope.com\/@fr\/114984407737176225","error":""},"_links":{"self":[{"href":"https:\/\/www.europesays.com\/fr\/wp-json\/wp\/v2\/posts\/301461","targetHints":{"allow":["GET"]}}],"collection":[{"href":"https:\/\/www.europesays.com\/fr\/wp-json\/wp\/v2\/posts"}],"about":[{"href":"https:\/\/www.europesays.com\/fr\/wp-json\/wp\/v2\/types\/post"}],"author":[{"embeddable":true,"href":"https:\/\/www.europesays.com\/fr\/wp-json\/wp\/v2\/users\/2"}],"replies":[{"embeddable":true,"href":"https:\/\/www.europesays.com\/fr\/wp-json\/wp\/v2\/comments?post=301461"}],"version-history":[{"count":0,"href":"https:\/\/www.europesays.com\/fr\/wp-json\/wp\/v2\/posts\/301461\/revisions"}],"wp:featuredmedia":[{"embeddable":true,"href":"https:\/\/www.europesays.com\/fr\/wp-json\/wp\/v2\/media\/301462"}],"wp:attachment":[{"href":"https:\/\/www.europesays.com\/fr\/wp-json\/wp\/v2\/media?parent=301461"}],"wp:term":[{"taxonomy":"category","embeddable":true,"href":"https:\/\/www.europesays.com\/fr\/wp-json\/wp\/v2\/categories?post=301461"},{"taxonomy":"post_tag","embeddable":true,"href":"https:\/\/www.europesays.com\/fr\/wp-json\/wp\/v2\/tags?post=301461"}],"curies":[{"name":"wp","href":"https:\/\/api.w.org\/{rel}","templated":true}]}}