{"id":301465,"date":"2025-08-06T23:27:17","date_gmt":"2025-08-06T23:27:17","guid":{"rendered":"https:\/\/www.europesays.com\/fr\/301465\/"},"modified":"2025-08-06T23:27:17","modified_gmt":"2025-08-06T23:27:17","slug":"un-homme-qui-sest-defenestre-du-4e-etage-dun-immeuble-a-marseille-dans-un-etat-tres-grave","status":"publish","type":"post","link":"https:\/\/www.europesays.com\/fr\/301465\/","title":{"rendered":"Un homme qui s&rsquo;est d\u00e9fenestr\u00e9 du 4e \u00e9tage d&rsquo;un immeuble, \u00e0 Marseille, dans un \u00e9tat tr\u00e8s grave"},"content":{"rendered":"<p>Il \u00e9tait 4\u00a0heures du matin ce mercredi 6\u00a0ao\u00fbt, lorsque les marins-pompiers ont \u00e9t\u00e9 alert\u00e9s de la <a href=\"https:\/\/www.laprovence.com\/article\/faits-divers-justice\/6019257025486414\/marseille-un-enfant-decede-apres-une-chute-du-18e-etage-dun-immeuble-dans-le-15e-arrondissement\" target=\"_blank\" rel=\"noopener\">chute<\/a> d&rsquo;un homme dans le 3e arrondissement de Marseille, au pied d&rsquo;un immeuble.<\/p>\n<p>\u00c0 leur arriv\u00e9e sur les lieux, au n\u00b0\u00a029 de l&rsquo;avenue \u00c9douard Vaillant, les secours ont d\u00e9couvert le corps inanim\u00e9 d&rsquo;un homme d&rsquo;une trentaine d&rsquo;ann\u00e9es.<\/p>\n<p>L&rsquo;\u00e9tat de la victime, polytraumatis\u00e9e, mais respirant encore \u00e0 l&rsquo;arriv\u00e9e des marins-pompiers, se serait d\u00e9grad\u00e9 par la suite. En arr\u00eat cardio-respiratoire, l&rsquo;homme a \u00e9t\u00e9 transport\u00e9 au service de r\u00e9animation de l&rsquo;h\u00f4pital nord avec un pronostic vital tr\u00e8s engag\u00e9.<\/p>\n<p>Les <a href=\"https:\/\/www.laprovence.com\/article\/faits-divers-justice\/16971979729801\/14-juillet-a-marseille-nombre-dinterventions-record-une-nuit-agitee-pour-les-marins-pompiers\" target=\"_blank\" rel=\"noopener\">marins-pompiers<\/a> ont \u00e9galement pris en charge le fr\u00e8re du bless\u00e9, tr\u00e8s choqu\u00e9 apr\u00e8s son arriv\u00e9e sur les lieux.<\/p>\n<p><strong>La victime aurait escalad\u00e9 la structure m\u00e9tallique de l&rsquo;ascenseur avant de sauter<\/strong><\/p>\n<p>Une enqu\u00eate a \u00e9t\u00e9 ouverte, mais les circonstances de cette chute restent pour l&rsquo;heure assez confuses.<\/p>\n<p>Quelques instants avant le drame, selon un t\u00e9moin, le trentenaire aurait \u00e9t\u00e9 vu en train d&rsquo;escalader la structure m\u00e9tallique de l&rsquo;<a href=\"https:\/\/www.laprovence.com\/article\/region\/2003333064581215\/une-loi-pour-lutter-contre-les-pannes-dascenseur-ce-que-contient-la-proposition-presentee-par-un-depute-marseillais\" target=\"_blank\" rel=\"noopener\">ascenseur<\/a> de l&rsquo;immeuble, agiter une lampe torche, puis sauter dans le vide depuis le 4e \u00e9tage.<\/p>\n","protected":false},"excerpt":{"rendered":"Il \u00e9tait 4\u00a0heures du matin ce mercredi 6\u00a0ao\u00fbt, lorsque les marins-pompiers ont \u00e9t\u00e9 alert\u00e9s de la chute d&rsquo;un&hellip;\n","protected":false},"author":2,"featured_media":301466,"comment_status":"","ping_status":"","sticky":false,"template":"","format":"standard","meta":{"footnotes":""},"categories":[2814],"tags":[17,1111,11,1102,2837,44149,8990,1777,674,274,1011,27,4933,5480,884,12,882,3583,25,17395],"class_list":{"0":"post-301465","1":"post","2":"type-post","3":"status-publish","4":"format-standard","5":"has-post-thumbnail","7":"category-marseille","8":"tag-17","9":"tag-actu","10":"tag-actualites","11":"tag-breakingnews","12":"tag-dun","13":"tag-defenestre","14":"tag-etage","15":"tag-eu","16":"tag-europe","17":"tag-faits-divers-justice","18":"tag-fr","19":"tag-france","20":"tag-homme","21":"tag-immeuble","22":"tag-marseille","23":"tag-news","24":"tag-provence-alpes-cote-dazur","25":"tag-qui","26":"tag-republique-francaise","27":"tag-sest"},"share_on_mastodon":{"url":"https:\/\/pubeurope.com\/@fr\/114984415640433571","error":""},"_links":{"self":[{"href":"https:\/\/www.europesays.com\/fr\/wp-json\/wp\/v2\/posts\/301465","targetHints":{"allow":["GET"]}}],"collection":[{"href":"https:\/\/www.europesays.com\/fr\/wp-json\/wp\/v2\/posts"}],"about":[{"href":"https:\/\/www.europesays.com\/fr\/wp-json\/wp\/v2\/types\/post"}],"author":[{"embeddable":true,"href":"https:\/\/www.europesays.com\/fr\/wp-json\/wp\/v2\/users\/2"}],"replies":[{"embeddable":true,"href":"https:\/\/www.europesays.com\/fr\/wp-json\/wp\/v2\/comments?post=301465"}],"version-history":[{"count":0,"href":"https:\/\/www.europesays.com\/fr\/wp-json\/wp\/v2\/posts\/301465\/revisions"}],"wp:featuredmedia":[{"embeddable":true,"href":"https:\/\/www.europesays.com\/fr\/wp-json\/wp\/v2\/media\/301466"}],"wp:attachment":[{"href":"https:\/\/www.europesays.com\/fr\/wp-json\/wp\/v2\/media?parent=301465"}],"wp:term":[{"taxonomy":"category","embeddable":true,"href":"https:\/\/www.europesays.com\/fr\/wp-json\/wp\/v2\/categories?post=301465"},{"taxonomy":"post_tag","embeddable":true,"href":"https:\/\/www.europesays.com\/fr\/wp-json\/wp\/v2\/tags?post=301465"}],"curies":[{"name":"wp","href":"https:\/\/api.w.org\/{rel}","templated":true}]}}