{"id":301467,"date":"2025-08-06T23:28:13","date_gmt":"2025-08-06T23:28:13","guid":{"rendered":"https:\/\/www.europesays.com\/fr\/301467\/"},"modified":"2025-08-06T23:28:13","modified_gmt":"2025-08-06T23:28:13","slug":"marseille-rejoint-lappel-international-pour-linterdiction-des-armes-atomiques","status":"publish","type":"post","link":"https:\/\/www.europesays.com\/fr\/301467\/","title":{"rendered":"Marseille rejoint l\u2019appel international pour l\u2019interdiction des armes atomiques"},"content":{"rendered":"\n<p>Halte aux armes nucl\u00e9aires, halte \u00e0 la course au n\u00e9ant\u00a0!\u00a0\u00bb Ce mercredi soir, \u00e0 l\u2019ombre du Monument des mobiles, Jean Ferrat a pr\u00eat\u00e9 sa voix aux militants du Mouvement de la paix, pour comm\u00e9morer les 80\u00a0ans des bombardements atomiques sur les villes d\u2019Hiroshima et Nagasaki. Pendant pr\u00e8s d\u2019une heure, des intervenants venus du monde syndical, militant et politique, se sont relay\u00e9s pour diffuser un message essentiel, que Michel Dolot, porte-parole de l\u2019association, \u00e9nonce simplement\u00a0: \u00ab\u00a0Plus jamais de feu nucl\u00e9aire\u00a0\u00bb.<\/p>\n<p>Depuis sa cr\u00e9ation en 1948, le Mouvement de la paix fait perdurer la m\u00e9moire des milliers de Japonais souffl\u00e9s, le 6\u00a0ao\u00fbt 1945, par les ogives am\u00e9ricaines. Mais cette ann\u00e9e, le rassemblement a pris les traits d\u2019un moment historique. Jean-Marc Coppola, adjoint (PCF) au maire de Marseille charg\u00e9 de la culture, est venu avec une annonce de taille\u00a0: \u00ab\u00a0La ville de Marseille a sign\u00e9 l\u2019Appel des villes pour l\u2019interdiction des armes nucl\u00e9aires\u00a0\u00bb clame l\u2019\u00e9lu. Lanc\u00e9 par la Campagne internationale pour abolir les armes nucl\u00e9aires (Ican), cet appel permet, aux municipalit\u00e9s qui le signent, d\u2019interpeller leur gouvernement sur la question nucl\u00e9aire. Pour Jean-Marc Coppola, cette signature rel\u00e8ve du bon sens\u00a0: \u00ab\u00a0On veut que ce soit un acte qui permette d\u2019entra\u00eener d\u2019autres villes et surtout de dire \u00e0 l\u2019\u00c9tat qu\u2019il joue \u00e0 un jeu dangereux\u00a0\u00bb.<\/p>\n<p>Au micro, les prises de parole se succ\u00e8dent sous les applaudissements. Quand vient le moment de diffuser le message de la d\u00e9l\u00e9gation proven\u00e7ale pr\u00e9sente \u00e0 Hiroshima, l\u2019atmosph\u00e8re se charge d\u2019une \u00e9motion solennelle. Une voix s\u2019\u00e9l\u00e8ve\u00a0: \u00ab\u00a0Nous devons investir dans la paix, dans le futur et non pas dans des armes de barbarie qui ne nous prot\u00e8gent pas\u00a0\u00bb. Derri\u00e8re la trentaine de participants pr\u00e9sents, Paul Sabatino, maire (PCF) du\u00a0Rove, se r\u00e9jouit discr\u00e8tement. Sa commune est la premi\u00e8re \u00e0 avoir sign\u00e9 l\u2019Appel des villes, en 2019. Pour l\u2019\u00e9dile, militer pour l\u2019interdiction des armes nucl\u00e9aires est une affaire de patience\u00a0: \u00ab\u00a0Quand quelque chose se d\u00e9cide, il ne faut jamais \u00eatre press\u00e9s. Les moments comme celui-ci sont d\u2019une grande importance pour montrer qu\u2019on avance dans la bonne direction\u00a0\u00bb.<\/p>\n","protected":false},"excerpt":{"rendered":"Halte aux armes nucl\u00e9aires, halte \u00e0 la course au n\u00e9ant\u00a0!\u00a0\u00bb Ce mercredi soir, \u00e0 l\u2019ombre du Monument des&hellip;\n","protected":false},"author":2,"featured_media":301468,"comment_status":"","ping_status":"","sticky":false,"template":"","format":"standard","meta":{"footnotes":""},"categories":[2814],"tags":[1111,11,1777,674,1011,27,884,12,36175,882,25],"class_list":{"0":"post-301467","1":"post","2":"type-post","3":"status-publish","4":"format-standard","5":"has-post-thumbnail","7":"category-marseille","8":"tag-actu","9":"tag-actualites","10":"tag-eu","11":"tag-europe","12":"tag-fr","13":"tag-france","14":"tag-marseille","15":"tag-news","16":"tag-paul-cayre","17":"tag-provence-alpes-cote-dazur","18":"tag-republique-francaise"},"share_on_mastodon":{"url":"https:\/\/pubeurope.com\/@fr\/114984420843152065","error":""},"_links":{"self":[{"href":"https:\/\/www.europesays.com\/fr\/wp-json\/wp\/v2\/posts\/301467","targetHints":{"allow":["GET"]}}],"collection":[{"href":"https:\/\/www.europesays.com\/fr\/wp-json\/wp\/v2\/posts"}],"about":[{"href":"https:\/\/www.europesays.com\/fr\/wp-json\/wp\/v2\/types\/post"}],"author":[{"embeddable":true,"href":"https:\/\/www.europesays.com\/fr\/wp-json\/wp\/v2\/users\/2"}],"replies":[{"embeddable":true,"href":"https:\/\/www.europesays.com\/fr\/wp-json\/wp\/v2\/comments?post=301467"}],"version-history":[{"count":0,"href":"https:\/\/www.europesays.com\/fr\/wp-json\/wp\/v2\/posts\/301467\/revisions"}],"wp:featuredmedia":[{"embeddable":true,"href":"https:\/\/www.europesays.com\/fr\/wp-json\/wp\/v2\/media\/301468"}],"wp:attachment":[{"href":"https:\/\/www.europesays.com\/fr\/wp-json\/wp\/v2\/media?parent=301467"}],"wp:term":[{"taxonomy":"category","embeddable":true,"href":"https:\/\/www.europesays.com\/fr\/wp-json\/wp\/v2\/categories?post=301467"},{"taxonomy":"post_tag","embeddable":true,"href":"https:\/\/www.europesays.com\/fr\/wp-json\/wp\/v2\/tags?post=301467"}],"curies":[{"name":"wp","href":"https:\/\/api.w.org\/{rel}","templated":true}]}}