{"id":301471,"date":"2025-08-06T23:30:11","date_gmt":"2025-08-06T23:30:11","guid":{"rendered":"https:\/\/www.europesays.com\/fr\/301471\/"},"modified":"2025-08-06T23:30:11","modified_gmt":"2025-08-06T23:30:11","slug":"previsions-du-jeudi-7-aout-2025-6","status":"publish","type":"post","link":"https:\/\/www.europesays.com\/fr\/301471\/","title":{"rendered":"pr\u00e9visions du jeudi 7 ao\u00fbt 2025"},"content":{"rendered":"<p>C&rsquo;est une magnifique journ\u00e9e dont va profiter Lyon, o\u00f9 le soleil va briller intens\u00e9ment. Les temp\u00e9ratures seront de 15\u00b0C au minimum et de 34\u00b0C au maximum. Prenez garde \u00e0 la vague de chaleur dans la matin\u00e9e. Des valeurs de 16 \u00e0 30\u00b0C sont annonc\u00e9es. Le mercure affichera 24\u00b0C en moyenne. Une petite brise de sud-est soufflera. Les temp\u00e9ratures vont conna\u00eetre une augmentation de plusieurs degr\u00e9s dans l&rsquo;apr\u00e8s-midi. Les grosses chaleurs sont install\u00e9es. Avec des temp\u00e9ratures comprises entre 32 et 34\u00b0C. Le soir, on anticipe des valeurs avoisinant 27\u00b0C. Durant votre sommeil, dans la nuit de jeudi \u00e0 vendredi, le ciel sera clair.<\/p>\n<p>Demain, les Lyonnais vont pouvoir b\u00e9n\u00e9ficier d&rsquo;un soleil radieux. Une m\u00e9t\u00e9o plus chaude est attendue puisque les temp\u00e9ratures vont enregistrer une hausse. La ville va p\u00e2tir des fortes chaleurs avec des temp\u00e9ratures qui devraient grimper jusqu&rsquo;\u00e0 37\u00b0C. Les valeurs s&rsquo;\u00e9chelonneront entre 18 et 37\u00b0C. La matin\u00e9e va \u00eatre tr\u00e8s suffocante : pr\u00e8s de 34\u00b0C. Un vent de sud-est soufflera un peu, avec 6 km\/h. L&rsquo;air ambiant va se r\u00e9chauffer demain apr\u00e8s-midi avec une augmentation de plusieurs degr\u00e9s. Les temp\u00e9ratures \u00e9volueront entre 35 et 37\u2009\u00b0C. Les valeurs maximums pr\u00e9vues demain soir sont importantes, avec 33\u00b0C. Un vent de sud-est soufflera doucement.<\/p>\n<p>Peu de changements au fil des jours. Une m\u00e9t\u00e9o ensoleill\u00e9e, avec des temp\u00e9ratures de 39\u00b0C en moyenne, est pr\u00e9vue.<\/p>\n<p>V\u00e9rifiez si votre ville est en alerte canicule. Dans tous les cas, il convient d&rsquo;appliquer quelques pr\u00e9cautions pour se pr\u00e9munir contre la chaleur : buvez beaucoup et \u00e9vitez d&rsquo;aller au soleil durant les heures les plus chaudes.<\/p>\n","protected":false},"excerpt":{"rendered":"C&rsquo;est une magnifique journ\u00e9e dont va profiter Lyon, o\u00f9 le soleil va briller intens\u00e9ment. Les temp\u00e9ratures seront de&hellip;\n","protected":false},"author":2,"featured_media":301472,"comment_status":"","ping_status":"","sticky":false,"template":"","format":"standard","meta":{"footnotes":""},"categories":[1889],"tags":[1111,11,2430,1777,674,1011,27,2428,12,2119,25,2429,2431],"class_list":{"0":"post-301471","1":"post","2":"type-post","3":"status-publish","4":"format-standard","5":"has-post-thumbnail","7":"category-lyon","8":"tag-actu","9":"tag-actualites","10":"tag-auvergne-rhone-alpes","11":"tag-eu","12":"tag-europe","13":"tag-fr","14":"tag-france","15":"tag-lyon","16":"tag-news","17":"tag-previsions-meteo","18":"tag-republique-francaise","19":"tag-rhone","20":"tag-rhone-alpes"},"share_on_mastodon":{"url":"","error":""},"_links":{"self":[{"href":"https:\/\/www.europesays.com\/fr\/wp-json\/wp\/v2\/posts\/301471","targetHints":{"allow":["GET"]}}],"collection":[{"href":"https:\/\/www.europesays.com\/fr\/wp-json\/wp\/v2\/posts"}],"about":[{"href":"https:\/\/www.europesays.com\/fr\/wp-json\/wp\/v2\/types\/post"}],"author":[{"embeddable":true,"href":"https:\/\/www.europesays.com\/fr\/wp-json\/wp\/v2\/users\/2"}],"replies":[{"embeddable":true,"href":"https:\/\/www.europesays.com\/fr\/wp-json\/wp\/v2\/comments?post=301471"}],"version-history":[{"count":0,"href":"https:\/\/www.europesays.com\/fr\/wp-json\/wp\/v2\/posts\/301471\/revisions"}],"wp:featuredmedia":[{"embeddable":true,"href":"https:\/\/www.europesays.com\/fr\/wp-json\/wp\/v2\/media\/301472"}],"wp:attachment":[{"href":"https:\/\/www.europesays.com\/fr\/wp-json\/wp\/v2\/media?parent=301471"}],"wp:term":[{"taxonomy":"category","embeddable":true,"href":"https:\/\/www.europesays.com\/fr\/wp-json\/wp\/v2\/categories?post=301471"},{"taxonomy":"post_tag","embeddable":true,"href":"https:\/\/www.europesays.com\/fr\/wp-json\/wp\/v2\/tags?post=301471"}],"curies":[{"name":"wp","href":"https:\/\/api.w.org\/{rel}","templated":true}]}}