{"id":301475,"date":"2025-08-06T23:34:11","date_gmt":"2025-08-06T23:34:11","guid":{"rendered":"https:\/\/www.europesays.com\/fr\/301475\/"},"modified":"2025-08-06T23:34:11","modified_gmt":"2025-08-06T23:34:11","slug":"la-socialiste-frederique-bredin-candidate-face-a-dati-et-barnier","status":"publish","type":"post","link":"https:\/\/www.europesays.com\/fr\/301475\/","title":{"rendered":"la socialiste Fr\u00e9d\u00e9rique Bredin candidate face \u00e0 Dati et Barnier"},"content":{"rendered":"<p>Le conseil f\u00e9d\u00e9ral parisien du Parti socialiste a choisi \u00e0 l\u2019unanimit\u00e9 cette ancienne ministre des Sports de Fran\u00e7ois Mitterrand pour la course \u00e0 la 2e circonscription de Paris.<\/p>\n<p class=\"fig-paragraph\">Une ancienne ministre de Fran\u00e7ois Mitterrand, Fr\u00e9d\u00e9rique Bredin, 68 ans, sera la candidate du Parti socialiste dans la l\u00e9gislative partielle de la 2e circonscription de Paris, face \u00e0\u00a0<a href=\"http:\/\/www.lefigaro.fr\/politique\/dati-barnier-la-menace-d-un-duel-perdant-quinze-ans-apres-leur-duo-gagnant-20250805\" data-fig-type=\"Article\" data-gtm-custom-categorie=\"navigation\" data-gtm-custom-action=\"crossclick\" data-gtm-custom-label=\"Contextuel\" data-gtm-event=\"customEventSPE\" data-fig-domain=\"LEFIGARO\" target=\"_blank\" rel=\"noopener\">Michel Barnier et Rachida Dati<\/a>, a-t-on appris mercredi aupr\u00e8s du parti \u00e0 la rose. Le conseil f\u00e9d\u00e9ral parisien du PS a officiellement propos\u00e9 mercredi soir, \u00e0 l&rsquo;unanimit\u00e9, son nom au Bureau national du parti, qui devrait l&rsquo;ent\u00e9riner dans les prochaines semaines.<\/p>\n<p class=\"fig-paragraph\">\u00abFr\u00e9d\u00e9rique Bredin est une femme solide et exp\u00e9riment\u00e9e, la meilleure des candidatures pour repr\u00e9senter la gauche dans la deuxi\u00e8me circonscription de Paris\u00bb, face \u00ab\u00e0 Rachida Dati et Michel Barnier qui nous proposent une bataille des egos\u00bb, a expliqu\u00e9 \u00e0 l&rsquo;AFP Emma Rafowicz, en charge des \u00e9lections \u00e0 la f\u00e9d\u00e9ration.<\/p>\n<p>                                    <a class=\"fig-a11y-skip a11y-hidden\" href=\"#fig-a11y-skip-main-inarticle\"><br \/>\n        Passer la publicit\u00e9<br \/>\n    <\/a><\/p>\n<p class=\"fig-paragraph\">Ancienne ministre socialiste des Sports (1991-1993) dans le gouvernement d&rsquo;\u00c9dith Cresson puis de Pierre B\u00e9r\u00e9govoy, Fr\u00e9d\u00e9rique Bredin s&rsquo;\u00e9tait mise en retrait de la vie politique apr\u00e8s avoir rejoint le groupe Lagard\u00e8re Medias en 2000, mais a r\u00e9adh\u00e9r\u00e9 depuis quelques ann\u00e9es au PS. Elle soutenait Emmanuel Gr\u00e9goire dans la primaire socialiste pour les municipales de 2026.<\/p>\n<p>D\u00e9put\u00e9e, maire, d\u00e9put\u00e9e europ\u00e9enne&#8230;<\/p>\n<p class=\"fig-paragraph\">Un temps jug\u00e9e Macron-compatible, elle faisait partie de ceux dont le nom \u00e9tait \u00e9voqu\u00e9 lors d&rsquo;un remaniement en 2018. Nomm\u00e9e pr\u00e9sidente du Centre national du Cin\u00e9ma (CNC) de 2013 \u00e0 2019, elle avait cependant refus\u00e9 de porter la r\u00e9forme du financement du cin\u00e9ma souhait\u00e9e par Emmanuel Macron. Parisienne et fille de l&rsquo;acad\u00e9micien, \u00e9crivain et avocat Jean-Denis Bredin, Fr\u00e9d\u00e9rique Bredin avait rejoint l&rsquo;Inspection g\u00e9n\u00e9rale des Finances \u00e0 la sortie de l&rsquo;ENA.<\/p>\n<p class=\"fig-paragraph\">Apr\u00e8s avoir int\u00e9gr\u00e9 \u00e0 28 ans le cabinet de Jack Lang, alors ministre de la Culture, elle \u00e9tait entr\u00e9e deux ans plus tard \u00e0 l&rsquo;\u00c9lys\u00e9e, o\u00f9 elle \u00e9tait charg\u00e9e des dossiers culturels. Cette proche de Laurent Fabius a \u00e9t\u00e9 d\u00e9put\u00e9e de Seine-Maritime (1988-1991, r\u00e9\u00e9lue en 1995 puis en 1997), maire de F\u00e9camp de 1989 \u00e0 1995, et bri\u00e8vement d\u00e9put\u00e9e europ\u00e9enne (1994-96).<\/p>\n<p class=\"fig-paragraph\">L&rsquo;ancienne candidate PS dans cette circonscription tr\u00e8s marqu\u00e9e \u00e0 droite, Marine Rosset, est pressentie pour \u00eatre sa suppl\u00e9ante. Marine Rosset vient de quitter son poste de pr\u00e9sidente des Scouts et guides de France, confront\u00e9e \u00e0 une\u00a0<a href=\"http:\/\/www.lefigaro.fr\/actualite-france\/critiquee-pour-son-engagement-au-parti-socialiste-la-nouvelle-presidente-des-scouts-et-guides-de-france-demissionne-20250806\" data-fig-type=\"NewsFlash\" data-gtm-custom-categorie=\"navigation\" data-gtm-custom-action=\"crossclick\" data-gtm-custom-label=\"Contextuel\" data-gtm-event=\"customEventSPE\" data-fig-domain=\"LEFIGARO\" target=\"_blank\" rel=\"noopener\">vague de harc\u00e8lement<\/a>\u00a0qu&rsquo;elle lie \u00e0 son homosexualit\u00e9.<\/p>\n<p class=\"fig-paragraph\">Fr\u00e9d\u00e9rique Bredin devrait \u00eatre oppos\u00e9e \u00e0 l&rsquo;ancien premier ministre Michel Barnier, qui a obtenu l&rsquo;investiture LR, et \u00e0 la ministre de la Culture Rachida Dati, qui a affirm\u00e9 qu&rsquo;elle serait candidate \u00abquoi qu&rsquo;il arrive\u00bb. Le RN Thierry Mariani est \u00e9galement candidat.<\/p>\n","protected":false},"excerpt":{"rendered":"Le conseil f\u00e9d\u00e9ral parisien du Parti socialiste a choisi \u00e0 l\u2019unanimit\u00e9 cette ancienne ministre des Sports de Fran\u00e7ois&hellip;\n","protected":false},"author":2,"featured_media":301476,"comment_status":"","ping_status":"","sticky":false,"template":"","format":"standard","meta":{"footnotes":""},"categories":[1888],"tags":[1111,1928,11,1927,1777,674,1011,27,39207,12,1926,626,1925,25],"class_list":{"0":"post-301475","1":"post","2":"type-post","3":"status-publish","4":"format-standard","5":"has-post-thumbnail","7":"category-paris","8":"tag-actu","9":"tag-actu-paris","10":"tag-actualites","11":"tag-actualites-paris","12":"tag-eu","13":"tag-europe","14":"tag-fr","15":"tag-france","16":"tag-legislative-partielle","17":"tag-news","18":"tag-news-paris","19":"tag-paris","20":"tag-paris-news","21":"tag-republique-francaise"},"share_on_mastodon":{"url":"https:\/\/pubeurope.com\/@fr\/114984443193789007","error":""},"_links":{"self":[{"href":"https:\/\/www.europesays.com\/fr\/wp-json\/wp\/v2\/posts\/301475","targetHints":{"allow":["GET"]}}],"collection":[{"href":"https:\/\/www.europesays.com\/fr\/wp-json\/wp\/v2\/posts"}],"about":[{"href":"https:\/\/www.europesays.com\/fr\/wp-json\/wp\/v2\/types\/post"}],"author":[{"embeddable":true,"href":"https:\/\/www.europesays.com\/fr\/wp-json\/wp\/v2\/users\/2"}],"replies":[{"embeddable":true,"href":"https:\/\/www.europesays.com\/fr\/wp-json\/wp\/v2\/comments?post=301475"}],"version-history":[{"count":0,"href":"https:\/\/www.europesays.com\/fr\/wp-json\/wp\/v2\/posts\/301475\/revisions"}],"wp:featuredmedia":[{"embeddable":true,"href":"https:\/\/www.europesays.com\/fr\/wp-json\/wp\/v2\/media\/301476"}],"wp:attachment":[{"href":"https:\/\/www.europesays.com\/fr\/wp-json\/wp\/v2\/media?parent=301475"}],"wp:term":[{"taxonomy":"category","embeddable":true,"href":"https:\/\/www.europesays.com\/fr\/wp-json\/wp\/v2\/categories?post=301475"},{"taxonomy":"post_tag","embeddable":true,"href":"https:\/\/www.europesays.com\/fr\/wp-json\/wp\/v2\/tags?post=301475"}],"curies":[{"name":"wp","href":"https:\/\/api.w.org\/{rel}","templated":true}]}}