{"id":301492,"date":"2025-08-06T23:43:12","date_gmt":"2025-08-06T23:43:12","guid":{"rendered":"https:\/\/www.europesays.com\/fr\/301492\/"},"modified":"2025-08-06T23:43:12","modified_gmt":"2025-08-06T23:43:12","slug":"eu-les-soldats-de-plomb-debarquent-rue-paul-bignon","status":"publish","type":"post","link":"https:\/\/www.europesays.com\/fr\/301492\/","title":{"rendered":"Eu. Les soldats de plomb d\u00e9barquent rue Paul Bignon"},"content":{"rendered":"<p>            Par<br \/>\n        <strong><br \/>\n            <a href=\"https:\/\/actu.fr\/auteur\/sandrine-chesnel\" title=\"Consulter tous les articles de Sandrine Chesnel\" target=\"_blank\" rel=\"noopener\">Sandrine Chesnel<\/a><br \/>\n        <\/strong><\/p>\n<p>        Publi\u00e9 le<\/p>\n<p>            6 ao\u00fbt 2025 \u00e0 20h50        <\/p>\n<p>Les plus curieux des Eudois et des Eudoises l\u2019ont peut-\u00eatre d\u00e9j\u00e0 not\u00e9\u2009: la boutique du 49 rue Paul Bignon est \u00e0 nouveau \u00e9clair\u00e9e depuis le d\u00e9but de l\u2019\u00e9t\u00e9. En vitrine, incongrus, des soldats de plomb et des figurines de personnages c\u00e9l\u00e8bres s\u2019y alignent entre des pots de verre remplis de poudres color\u00e9es. \u00ab\u2009Ce n\u2019est pas vraiment une boutique, puisque je ne vends rien, c\u2019est plut\u00f4t un atelier-centre de logistique\u2009\u00bb, explique le nouveau ma\u00eetre des lieux, Jacques Roussel.<\/p>\n<p>Passion soldats de plomb<\/p>\n<p class=\" wall-content\">Eudois de c\u0153ur depuis les ann\u00e9es 70, l\u2019artisan \u00e0 l\u2019allure de p\u00e8re No\u00ebl est \u00ab\u2009tomb\u00e9\u2009\u00bb dans les soldats de plomb il y a 40\u00a0ans. En 1985, alors sp\u00e9cialis\u00e9 dans les cadres, il rach\u00e8te Les Drapeaux de France, une boutique sp\u00e9cialis\u00e9e dans les figurines et soldat de plomb, install\u00e9e sous les arcades du Palais Royal, \u00e0 Paris. Aujourd\u2019hui \u00e0 la retraite il se partage entre sa boutique parisienne, et Eu, o\u00f9 il poss\u00e8de une maison et o\u00f9 vit sa fille, artiste photographe, qui occupe la boutique juste \u00e0 c\u00f4t\u00e9 de la sienne\u2009: \u00ab\u2009C\u2019est \u00e0 Paris que les amateurs du monde entier viennent acheter mes soldats de plomb et mes figurines, mais ce magasin est bien trop petit et \u00e9troit pour que je puisse y assurer la logistique qu\u2019impose mon activit\u00e9, explique Jacques Roussel. Ici, \u00e0 Eu, avec tout cet espace, plus un entrep\u00f4t ailleurs dans la ville, je vais avoir la place n\u00e9cessaire pour bricoler, r\u00e9ceptionner les colis, renvoyer les figurines \u00e0 peindre aux artistes qui travaillent pour nous, organiser des r\u00e9unions avec le sculpteur avec qui nous d\u00e9veloppons de nouvelles gammes\u2026 c\u2019est id\u00e9al\u2009\u00bb.<\/p>\n<p>    <img   decoding=\"async\" loading=\"lazy\" class=\"size-large\" src=\"https:\/\/www.europesays.com\/fr\/wp-content\/uploads\/2025\/08\/25eca0851298629eca0851298fcecav-960x640.jpeg\" alt=\"Soldats\" width=\"960\" height=\"640\"\/><br \/>\n    Au milieu, un soldat du r\u00e9giment d\u2019Eu, encadr\u00e9 par des soldats de la seconde guerre mondiale. \u00a9Sandrine ChesnelUn environnement vivant<\/p>\n<p class=\" wall-content\">\u00c0 71\u00a0ans, toujours tr\u00e8s actif, l\u2019artisan appr\u00e9cie beaucoup ce nouvel environnement de travail\u2009: \u00ab\u2009L\u2019avantage d\u2019une petite ville comme Eu, c\u2019est qu\u2019on peut y emm\u00e9nager en centre-ville pour pas trop cher, rien \u00e0 voir avec Paris. De plus l\u2019ambiance au Palais royal a beaucoup chang\u00e9 ces derni\u00e8res ann\u00e9es, il n\u2019y a presque plus que des boutiques de mode, et de moins en moins d\u2019artisans, regrette Jacques Roussel. Ici j\u2019appr\u00e9cie d\u2019\u00eatre install\u00e9 dans une rue commer\u00e7ante, je vois les gens passer, s\u2019arr\u00eater pour regarder la vitrine, il y a de la vie\u2009!\u2009\u00bb.<\/p>\n<p>    <img   decoding=\"async\" loading=\"lazy\" class=\"size-large\" src=\"https:\/\/www.europesays.com\/fr\/wp-content\/uploads\/2025\/08\/63868afa0398667868afa03989a868v-960x640.jpeg\" alt=\"Jacques Roussel d\u00e9veloppe de nouvelles produits, ici un Guillaume le Conqu\u00e9rant en armure.\" width=\"960\" height=\"640\"\/><br \/>\n    Jacques Roussel d\u00e9veloppe en permanence de nouveaux produits, ici un Guillaume le Conqu\u00e9rant en armure. \u00a9Sandrine Chesnel<\/p>\n<p class=\" wall-content\">Suivez toute l\u2019actualit\u00e9 de vos villes et m\u00e9dias favoris en vous inscrivant \u00e0 <a href=\"https:\/\/moncompte.actu.fr\" title=\"D\u00e9couvez Mon Actu\" rel=\"nofollow noopener\" data-trk=\"{&quot;cta&quot;:{&quot;action&quot;:&quot;https:\\\/\\\/moncompte.actu.fr&quot;,&quot;category&quot;:&quot;mon compte&quot;,&quot;from&quot;:&quot;article footer&quot;,&quot;name&quot;:&quot;Mon actu&quot;,&quot;type&quot;:&quot;cta&quot;}}\" target=\"_blank\">Mon Actu<\/a>.<\/p>\n","protected":false},"excerpt":{"rendered":"Par Sandrine Chesnel Publi\u00e9 le 6 ao\u00fbt 2025 \u00e0 20h50 Les plus curieux des Eudois et des Eudoises&hellip;\n","protected":false},"author":2,"featured_media":301493,"comment_status":"","ping_status":"","sticky":false,"template":"","format":"standard","meta":{"footnotes":""},"categories":[1586],"tags":[11,1477,1777,674,1779,1011,27,937,12,25,104,1778,364,3587],"class_list":{"0":"post-301492","1":"post","2":"type-post","3":"status-publish","4":"format-standard","5":"has-post-thumbnail","7":"category-europe","8":"tag-actualites","9":"tag-artisanat","10":"tag-eu","11":"tag-europe","12":"tag-european-union","13":"tag-fr","14":"tag-france","15":"tag-histoire","16":"tag-news","17":"tag-republique-francaise","18":"tag-societe","19":"tag-ue","20":"tag-union-europeenne","21":"tag-villes-soeurs"},"share_on_mastodon":{"url":"https:\/\/pubeurope.com\/@fr\/114984478931667033","error":""},"_links":{"self":[{"href":"https:\/\/www.europesays.com\/fr\/wp-json\/wp\/v2\/posts\/301492","targetHints":{"allow":["GET"]}}],"collection":[{"href":"https:\/\/www.europesays.com\/fr\/wp-json\/wp\/v2\/posts"}],"about":[{"href":"https:\/\/www.europesays.com\/fr\/wp-json\/wp\/v2\/types\/post"}],"author":[{"embeddable":true,"href":"https:\/\/www.europesays.com\/fr\/wp-json\/wp\/v2\/users\/2"}],"replies":[{"embeddable":true,"href":"https:\/\/www.europesays.com\/fr\/wp-json\/wp\/v2\/comments?post=301492"}],"version-history":[{"count":0,"href":"https:\/\/www.europesays.com\/fr\/wp-json\/wp\/v2\/posts\/301492\/revisions"}],"wp:featuredmedia":[{"embeddable":true,"href":"https:\/\/www.europesays.com\/fr\/wp-json\/wp\/v2\/media\/301493"}],"wp:attachment":[{"href":"https:\/\/www.europesays.com\/fr\/wp-json\/wp\/v2\/media?parent=301492"}],"wp:term":[{"taxonomy":"category","embeddable":true,"href":"https:\/\/www.europesays.com\/fr\/wp-json\/wp\/v2\/categories?post=301492"},{"taxonomy":"post_tag","embeddable":true,"href":"https:\/\/www.europesays.com\/fr\/wp-json\/wp\/v2\/tags?post=301492"}],"curies":[{"name":"wp","href":"https:\/\/api.w.org\/{rel}","templated":true}]}}