{"id":301494,"date":"2025-08-06T23:44:13","date_gmt":"2025-08-06T23:44:13","guid":{"rendered":"https:\/\/www.europesays.com\/fr\/301494\/"},"modified":"2025-08-06T23:44:13","modified_gmt":"2025-08-06T23:44:13","slug":"le-revirement-demmanuel-macron-intervient-sur-fond-de-quasi-rupture-diplomatique","status":"publish","type":"post","link":"https:\/\/www.europesays.com\/fr\/301494\/","title":{"rendered":"le revirement d\u2019Emmanuel Macron intervient sur fond de quasi-rupture diplomatique"},"content":{"rendered":"<p>L\u2019accord de 2013 \u00e9voqu\u00e9 dans le courrier de l\u2019\u00c9lys\u00e9e est en r\u00e9alit\u00e9 d\u00e9j\u00e0 suspendu depuis la mi-mai.<\/p>\n<p class=\"fig-paragraph\">\u00ab\u00a0Un dicton dit qu\u2019on n\u2019est jamais trahi que par ses amis. C\u2019est ce qui arrive \u00e0 Tebboune. Il vient de se faire l\u00e2cher par Macron.\u00a0\u00bb Pour un proche du s\u00e9rail alg\u00e9rien, la lettre adress\u00e9e par le chef de l\u2019\u00c9tat fran\u00e7ais \u00e0 son premier ministre, appelant \u00e0 plus de \u00ab\u00a0fermet\u00e9\u00a0\u00bb et de \u00ab\u00a0d\u00e9termination\u00a0\u00bb envers Alger, sonne comme un \u00ab\u00a0revers terrible\u00a0\u00bb pour le pr\u00e9sident alg\u00e9rien.<\/p>\n<p class=\"fig-paragraph\">Depuis des mois, Abdelmadjid Tebboune\u00a0s\u2019\u00e9vertue\u00a0\u00e0 distinguer Emmanuel Macron de \u00ab\u00a0la minorit\u00e9 extr\u00e9miste\u00a0\u00bb fran\u00e7aise qu\u2019il accuse de faire de l\u2019Alg\u00e9rie \u00ab\u00a0une obsession\u00a0\u00bb. D\u00e9but ao\u00fbt encore, face \u00e0 des journalistes libanais accompagnant le pr\u00e9sident Joseph Aoun, il affirmait n\u2019avoir \u00ab\u00a0aucun probl\u00e8me avec Macron ni avec la France\u00a0\u00bb. L\u2019agence APS, relais de la ligne officielle, fustigeait en juillet \u00ab\u00a0l\u2019extr\u00eame droite fran\u00e7aise revancharde\u00a0\u00bb, cette \u00ab\u00a0partie de la classe politique en mal de rep\u00e8res\u00a0\u00bb, accus\u00e9e de \u00ab\u00a0raviver l\u2019alg\u00e9rophobie\u00a0\u00bb pour d\u00e9tourner l\u2019attention des crises\u2026<\/p>\n<p class=\"fig-premium-paywall__infos\">\n        Cet article est r\u00e9serv\u00e9 aux abonn\u00e9s.        Il vous reste 79% \u00e0 d\u00e9couvrir.\n    <\/p>\n<p>                <img  data- alt=\"Le Figaro\" class=\"fig-img--complete fig-img\"\/><\/p>\n<p class=\"fig-premium-paywall__title\">Vous avez envie de lire la suite ?<\/p>\n<p class=\"fig-premium-paywall__subtitle\">D\u00e9bloquez tous les articles imm\u00e9diatement.<\/p>\n<p class=\"fig-premium-paywall__connect\">\n                D\u00e9j\u00e0 abonn\u00e9\u00a0?                <a class=\"fig-premium-paywall__connect-link\" href=\"https:\/\/connect.lefigaro.fr\/login?client=horizon_web&amp;type=main&amp;redirect_uri=https%3A%2F%2Fwww.lefigaro.fr%2Fpolitique%2Falgerie-le-revirement-d-emmanuel-macron-intervient-sur-fond-de-quasi-rupture-diplomatique-20250806\" data-js-gtm=\"{&quot;customCategorie&quot;: &quot;conversion&quot;, &quot;customAction&quot;: &quot;before_Landing_Connexion_paywall_auto&quot;, &quot;customLabel&quot;: &quot;bGVmaWdhcm8uZnJfXzFmMDcyZTUzLTY3OTItNjdjYS1hMjk0LTAzMGVhYWE3NDBhZF9fQXJ0aWNsZQ==_Alg\u00e9rie\u00a0: le revirement d\u2019Emmanuel Macron intervient sur fond de quasi-rupture diplomatique_607&quot;, &quot;customIDSPE&quot;: &quot;bGVmaWdhcm8uZnJfXzFmMDcyZTUzLTY3OTItNjdjYS1hMjk0LTAzMGVhYWE3NDBhZF9fQXJ0aWNsZQ==&quot;, &quot;event&quot;: &quot;customEventSPE&quot;}\" target=\"_blank\" rel=\"noopener\"><br \/>\n                    Connectez-vous<br \/>\n                <\/a>\n            <\/p>\n","protected":false},"excerpt":{"rendered":"L\u2019accord de 2013 \u00e9voqu\u00e9 dans le courrier de l\u2019\u00c9lys\u00e9e est en r\u00e9alit\u00e9 d\u00e9j\u00e0 suspendu depuis la mi-mai. \u00ab\u00a0Un&hellip;\n","protected":false},"author":2,"featured_media":301495,"comment_status":"","ping_status":"","sticky":false,"template":"","format":"standard","meta":{"footnotes":""},"categories":[2],"tags":[11,15,4142,1011,27,12,25],"class_list":{"0":"post-301494","1":"post","2":"type-post","3":"status-publish","4":"format-standard","5":"has-post-thumbnail","7":"category-actualites","8":"tag-actualites","9":"tag-algerie","10":"tag-boualem-sansal","11":"tag-fr","12":"tag-france","13":"tag-news","14":"tag-republique-francaise"},"share_on_mastodon":{"url":"https:\/\/pubeurope.com\/@fr\/114984482735883674","error":""},"_links":{"self":[{"href":"https:\/\/www.europesays.com\/fr\/wp-json\/wp\/v2\/posts\/301494","targetHints":{"allow":["GET"]}}],"collection":[{"href":"https:\/\/www.europesays.com\/fr\/wp-json\/wp\/v2\/posts"}],"about":[{"href":"https:\/\/www.europesays.com\/fr\/wp-json\/wp\/v2\/types\/post"}],"author":[{"embeddable":true,"href":"https:\/\/www.europesays.com\/fr\/wp-json\/wp\/v2\/users\/2"}],"replies":[{"embeddable":true,"href":"https:\/\/www.europesays.com\/fr\/wp-json\/wp\/v2\/comments?post=301494"}],"version-history":[{"count":0,"href":"https:\/\/www.europesays.com\/fr\/wp-json\/wp\/v2\/posts\/301494\/revisions"}],"wp:featuredmedia":[{"embeddable":true,"href":"https:\/\/www.europesays.com\/fr\/wp-json\/wp\/v2\/media\/301495"}],"wp:attachment":[{"href":"https:\/\/www.europesays.com\/fr\/wp-json\/wp\/v2\/media?parent=301494"}],"wp:term":[{"taxonomy":"category","embeddable":true,"href":"https:\/\/www.europesays.com\/fr\/wp-json\/wp\/v2\/categories?post=301494"},{"taxonomy":"post_tag","embeddable":true,"href":"https:\/\/www.europesays.com\/fr\/wp-json\/wp\/v2\/tags?post=301494"}],"curies":[{"name":"wp","href":"https:\/\/api.w.org\/{rel}","templated":true}]}}