{"id":301498,"date":"2025-08-06T23:46:20","date_gmt":"2025-08-06T23:46:20","guid":{"rendered":"https:\/\/www.europesays.com\/fr\/301498\/"},"modified":"2025-08-06T23:46:20","modified_gmt":"2025-08-06T23:46:20","slug":"la-belle-image-de-pauline-ferrand-prevot-et-tadej-pogacar-sur-la-route-apres-leur-sacre","status":"publish","type":"post","link":"https:\/\/www.europesays.com\/fr\/301498\/","title":{"rendered":"la belle image de Pauline Ferrand-Pr\u00e9vot et Tadej Pogacar sur la route apr\u00e8s leur sacre"},"content":{"rendered":"<p>        <img decoding=\"async\" loading=\"lazy\" src=\"https:\/\/www.europesays.com\/fr\/wp-content\/uploads\/2025\/08\/6db3fbc_sirius-fs-upload-1-qqcbelrm759h-1744544333575-000-424x22d.jpg\"  width=\"728\" height=\"409\" alt=\"Pauline Ferrand-Pr\u00e9vot ici le 12\u00a0avril 2025.\"\/>  <\/p>\n<p>FRANCOIS LO PRESTI \/ AFP<\/p>\n<p>Pauline Ferrand-Pr\u00e9vot ici le 12\u00a0avril 2025.<\/p>\n<p class=\"asset asset-text\">CYCLISME &#8211; Ils ont tous les deux un immense sourire. Sur son compte Instagram ce mercredi 6\u00a0ao\u00fbt, la vainqueure fran\u00e7aise du Tour de France Femmes 2025\u00a0<a href=\"https:\/\/www.huffingtonpost.fr\/medias\/article\/les-audiences-du-tour-de-france-femmes-en-disent-long-sur-le-succes-de-cette-edition_253260.html\" rel=\"nofollow noopener\" target=\"_blank\">Pauline Ferrand-Pr\u00e9vot<\/a> a post\u00e9 une belle photo d\u2019elle aux c\u00f4t\u00e9s du Slov\u00e8ne <a href=\"https:\/\/www.huffingtonpost.fr\/sport\/article\/tour-de-france-ambiance-de-folie-a-montmartre-tadej-pogacar-largement-vainqueur-de-cette-112e-edition_253028.html\" rel=\"nofollow noopener\" target=\"_blank\">Tadej Pogacar,<\/a> lui vainqueur du Tour de France homme cette ann\u00e9e.<\/p>\n<p class=\"asset asset-text\">\u00ab\u00a0J\u2019avais de nombreuses raisons de sourire ce matin\u00a0\u00bb, commente en l\u00e9gende celle qui est \u00e9galement <a href=\"https:\/\/www.huffingtonpost.fr\/sport\/article\/de-l-obsession-des-jo-au-reve-du-tour-de-france-pauline-ferrand-prevot-une-championne-hors-normes_253232.html\" rel=\"nofollow noopener\" target=\"_blank\">championne olympique de VTT.<\/a> Et pour cause\u00a0: \u00ab\u00a0De retour sur le v\u00e9lo, et j\u2019ai partag\u00e9 un peu de ma balade avec ces beaux humains Ur\u0161ka \u017digart [coureuse slov\u00e8ne, NDLR] et Tadej Pogacar\u00a0\u00bb, se r\u00e9jouit-elle.<\/p>\n<p class=\"asset asset-text\">\u00ab\u00a0\u00c9couter les conseils post Tour de Tadej \u00e9tait inspirant. Et bien s\u00fbr, j\u2019ai d\u00fb demander une photo\u00a0\u00bb, a ajout\u00e9 la cycliste, terminant son post par le hashtag (mot-cl\u00e9) \u00ab\u00a0fan girl problems\u00a0\u00bb. Sur le clich\u00e9, Pauline Ferrand-Pr\u00e9vot est v\u00eatue d\u2019un maillot et casque jaune tandis que Tadej Pogacar est tout de blanc v\u00eatu. Les deux sont sur leur v\u00e9lo respectif, au bord de la route.<\/p>\n<p>    La coureuse ne veut pas encore penser \u00e0 2026    <\/p>\n<p class=\"asset asset-text\">Pauline Ferrand-Pr\u00e9vot s\u2019\u00e9tait lanc\u00e9e le d\u00e9fi du Tour de France apr\u00e8s sa victoire aux JO de Paris, un \u00ab\u00a0r\u00eave de petite fille\u00a0\u00bb. Elle qui s\u2019\u00e9tait donn\u00e9 trois ans pour le faire n\u2019a eu besoin que d\u2019une seule \u00e9dition pour l\u2019emporter, et avec brio.<\/p>\n<p class=\"asset asset-text\">\u00ab\u00a0Gagner le Tour de France, ce n\u2019est pas de l\u2019improvisation. Ce n\u2019est que sacrifices que je ne suis pas s\u00fbre d\u2019\u00eatre capable de reproduire\u00a0\u00bb, a expliqu\u00e9 la R\u00e9moise de 33\u00a0ans \u00e0 l\u2019issue du Tour. \u00ab\u00a0C\u2019est tellement dur, tellement dur\u00a0\u00bb, a r\u00e9p\u00e9t\u00e9 la Fran\u00e7aise. \u00ab\u00a0Tout cela, c\u2019est dingue. Le r\u00e9sultat de tellement de sacrifices\u00a0\u00bb, a-t-elle insist\u00e9.<\/p>\n<p class=\"asset asset-text\">Et l\u2019ann\u00e9e prochaine\u00a0? \u00ab\u00a0Je ne sais pas, a-t-elle reconnu. Je veux d\u2019abord savourer. Se pr\u00e9parer pour le Tour, c\u2019est tellement dur, je ne suis pas s\u00fbre d\u2019\u00eatre capable de le refaire. Laissez-moi du temps pour y penser.\u00a0\u00bb<\/p>\n","protected":false},"excerpt":{"rendered":"FRANCOIS LO PRESTI \/ AFP Pauline Ferrand-Pr\u00e9vot ici le 12\u00a0avril 2025. CYCLISME &#8211; Ils ont tous les deux&hellip;\n","protected":false},"author":2,"featured_media":301499,"comment_status":"","ping_status":"","sticky":false,"template":"","format":"standard","meta":{"footnotes":""},"categories":[4],"tags":[11,207,1011,27,12,25,517,210],"class_list":{"0":"post-301498","1":"post","2":"type-post","3":"status-publish","4":"format-standard","5":"has-post-thumbnail","7":"category-france","8":"tag-actualites","9":"tag-cyclisme","10":"tag-fr","11":"tag-france","12":"tag-news","13":"tag-republique-francaise","14":"tag-sport","15":"tag-tour-de-france"},"share_on_mastodon":{"url":"https:\/\/pubeurope.com\/@fr\/114984490910327923","error":""},"_links":{"self":[{"href":"https:\/\/www.europesays.com\/fr\/wp-json\/wp\/v2\/posts\/301498","targetHints":{"allow":["GET"]}}],"collection":[{"href":"https:\/\/www.europesays.com\/fr\/wp-json\/wp\/v2\/posts"}],"about":[{"href":"https:\/\/www.europesays.com\/fr\/wp-json\/wp\/v2\/types\/post"}],"author":[{"embeddable":true,"href":"https:\/\/www.europesays.com\/fr\/wp-json\/wp\/v2\/users\/2"}],"replies":[{"embeddable":true,"href":"https:\/\/www.europesays.com\/fr\/wp-json\/wp\/v2\/comments?post=301498"}],"version-history":[{"count":0,"href":"https:\/\/www.europesays.com\/fr\/wp-json\/wp\/v2\/posts\/301498\/revisions"}],"wp:featuredmedia":[{"embeddable":true,"href":"https:\/\/www.europesays.com\/fr\/wp-json\/wp\/v2\/media\/301499"}],"wp:attachment":[{"href":"https:\/\/www.europesays.com\/fr\/wp-json\/wp\/v2\/media?parent=301498"}],"wp:term":[{"taxonomy":"category","embeddable":true,"href":"https:\/\/www.europesays.com\/fr\/wp-json\/wp\/v2\/categories?post=301498"},{"taxonomy":"post_tag","embeddable":true,"href":"https:\/\/www.europesays.com\/fr\/wp-json\/wp\/v2\/tags?post=301498"}],"curies":[{"name":"wp","href":"https:\/\/api.w.org\/{rel}","templated":true}]}}