{"id":301502,"date":"2025-08-06T23:48:16","date_gmt":"2025-08-06T23:48:16","guid":{"rendered":"https:\/\/www.europesays.com\/fr\/301502\/"},"modified":"2025-08-06T23:48:16","modified_gmt":"2025-08-06T23:48:16","slug":"ball-ligue-a-formee-a-rixheim-et-au-vma-emma-le-galloudec-a-choisi-nancy-pour-prendre-son-envol","status":"publish","type":"post","link":"https:\/\/www.europesays.com\/fr\/301502\/","title":{"rendered":"ball &#8211; Ligue A. Form\u00e9e \u00e0 Rixheim et au VMA, Emma Le Galloudec a choisi Nancy pour prendre son envol"},"content":{"rendered":"<p>D\u00e9but mai, alors que la saison de volley venait de s\u2019achever, tout \u00e9tait boucl\u00e9 dans l\u2019esprit d\u2019Emma Le Galloudec.<\/p>\n<p>Apr\u00e8s avoir pass\u00e9 son entretien de fin de saison avec le Volley Mulhouse Alsace, o\u00f9 elle devait rempiler au centre de formation pour un troisi\u00e8me exercice et \u00e9voluer avec l\u2019\u00e9quipe r\u00e9serve en Nationale 2 f\u00e9minine, elle d\u00e9marrait les \u00e9preuves de son baccalaur\u00e9at Science et Vie de la Terre et Anglais le c\u0153ur l\u00e9ger.<\/p>\n<p>\u00ab\u00a0Finalement, tout s\u2019est acc\u00e9l\u00e9r\u00e9 alors que ce n\u2019\u00e9tait pas du tout pr\u00e9vu\u00a0\u00bb<\/p>\n<p>\u00ab\u00a0Finalement, tout s\u2019est acc\u00e9l\u00e9r\u00e9 alors que ce&#8230;<\/p>\n","protected":false},"excerpt":{"rendered":"D\u00e9but mai, alors que la saison de volley venait de s\u2019achever, tout \u00e9tait boucl\u00e9 dans l\u2019esprit d\u2019Emma Le&hellip;\n","protected":false},"author":2,"featured_media":301503,"comment_status":"","ping_status":"","sticky":false,"template":"","format":"standard","meta":{"footnotes":""},"categories":[1417],"tags":[1636,107,1701,1011,27,6225,1634,1635,4604,273,517,12565,60,1470,1633,1632,1469],"class_list":{"0":"post-301502","1":"post","2":"type-post","3":"status-publish","4":"format-standard","5":"has-post-thumbnail","7":"category-volley","8":"tag-edition-mulhouse-thann","9":"tag-fil-info","10":"tag-fil-info-sport","11":"tag-fr","12":"tag-france","13":"tag-la-matinale","14":"tag-mulhouse","15":"tag-secteur-de-mulhouse","16":"tag-selection-abonne","17":"tag-selection-de-la-redaction","18":"tag-sport","19":"tag-sport-mulhousien","20":"tag-sports","21":"tag-volley","22":"tag-volley-mulhouse-alsace","23":"tag-volley-ball","24":"tag-volleyball"},"share_on_mastodon":{"url":"https:\/\/pubeurope.com\/@fr\/114984498291780052","error":""},"_links":{"self":[{"href":"https:\/\/www.europesays.com\/fr\/wp-json\/wp\/v2\/posts\/301502","targetHints":{"allow":["GET"]}}],"collection":[{"href":"https:\/\/www.europesays.com\/fr\/wp-json\/wp\/v2\/posts"}],"about":[{"href":"https:\/\/www.europesays.com\/fr\/wp-json\/wp\/v2\/types\/post"}],"author":[{"embeddable":true,"href":"https:\/\/www.europesays.com\/fr\/wp-json\/wp\/v2\/users\/2"}],"replies":[{"embeddable":true,"href":"https:\/\/www.europesays.com\/fr\/wp-json\/wp\/v2\/comments?post=301502"}],"version-history":[{"count":0,"href":"https:\/\/www.europesays.com\/fr\/wp-json\/wp\/v2\/posts\/301502\/revisions"}],"wp:featuredmedia":[{"embeddable":true,"href":"https:\/\/www.europesays.com\/fr\/wp-json\/wp\/v2\/media\/301503"}],"wp:attachment":[{"href":"https:\/\/www.europesays.com\/fr\/wp-json\/wp\/v2\/media?parent=301502"}],"wp:term":[{"taxonomy":"category","embeddable":true,"href":"https:\/\/www.europesays.com\/fr\/wp-json\/wp\/v2\/categories?post=301502"},{"taxonomy":"post_tag","embeddable":true,"href":"https:\/\/www.europesays.com\/fr\/wp-json\/wp\/v2\/tags?post=301502"}],"curies":[{"name":"wp","href":"https:\/\/api.w.org\/{rel}","templated":true}]}}