{"id":301506,"date":"2025-08-06T23:50:11","date_gmt":"2025-08-06T23:50:11","guid":{"rendered":"https:\/\/www.europesays.com\/fr\/301506\/"},"modified":"2025-08-06T23:50:11","modified_gmt":"2025-08-06T23:50:11","slug":"je-netais-pas-partie-iga-swiatek-refute-lidee-dune-mauvaise-saison-avant-son-titre-a-wimbledon-lequipe","status":"publish","type":"post","link":"https:\/\/www.europesays.com\/fr\/301506\/","title":{"rendered":"\u00ab Je n&#039;\u00e9tais pas partie&#8230; \u00bb : Iga Swiatek r\u00e9fute l&#039;id\u00e9e d&#039;une mauvaise saison avant son titre \u00e0 Wimbledon &#8211; L&#039;\u00c9quipe"},"content":{"rendered":"<ol>\n<li><a href=\"https:\/\/news.google.com\/rss\/articles\/CBMi4AFBVV95cUxOZ3otUk5rbU5Tek1FUWd4TUl4em45Z2hrWkdUZlhVdlBXOFVFZ2VSSFk0YlRrOFVKaWVCTUJLR0RseG81aUZXWmIyeWRIQXVackxPcVEtS19MRmh4SVJIQWdTX1JCTUJCWWEyWUdyZDNkNVpnRWw3aGJjeVVyYjdkQlpibExuYjdSLTFhTEhHc2RCbGRxSzVfUjBTeEhraUdwMFNiVmlCM0gxYUQ3bnc3Z0VHQU1pd0toZXkwMUtGQmM2WUZOdHA2bHVRaGZMWEJzcExTWjY1cWR1R0Q5ZzZaSA?oc=5\" target=\"_blank\" rel=\"nofollow noopener\">\u00ab Je n&rsquo;\u00e9tais pas partie&#8230; \u00bb : Iga Swiatek r\u00e9fute l&rsquo;id\u00e9e d&rsquo;une mauvaise saison avant son titre \u00e0 Wimbledon<\/a>&nbsp;&nbsp;L&rsquo;\u00c9quipe<\/li>\n<li><a href=\"https:\/\/news.google.com\/rss\/articles\/CBMiwwFBVV95cUxQcEp2cnJYVVdqa2NRMFFYdE9KUXU3TktoTVZtX0Z0ZlJrQk43ZldQWG5ZWllKeWVVTnh2QnNyMGJ6NXBzY05ES2VjUlpGS014bGp5b1FOSXhDMWR3MGJYMTNHMF9icnJULWVhQnc0cmNNeEFDMjg4YVU0dkd5dzM5MzhQSENZNktqSkl5a3NDaE9iQUhMUWJaM3NFLUpzRDE5a0lZekg5cGV6TEhVMHcwSHoxclozYnIwT0gweFVFdk9pLUnSAcIBQVVfeXFMTzM0X1BuUGIyNU1ySTBkYjFtNUpZN01XSGY3YllTdlB2R3VYRjNuelc2S21vbVhScEZWWXVxYzJSMFIwNHlTX0t6Um5jcVhsd2dDOGotTGMwcGV4TDhfeG5ScTFqNng3b285cGNPWGtDeVVlZml1cC1IZzdHMm9RSG5iNG1UY0hfcUx6X19IQ1lCNDZMbDFZVE9qN0hwQ2ZJbXZjOTFUTGhWb2t5Vk1kYUVzQ2MxQ1VLRkF0dHk2eXprMEE?oc=5\" target=\"_blank\" rel=\"nofollow noopener\">WTA : Swiatek ne veut plus donner de l&rsquo;importance aux critiques<\/a>&nbsp;&nbsp;Orange Actualit\u00e9s | Sports<\/li>\n<li><a href=\"https:\/\/news.google.com\/rss\/articles\/CBMi_AFBVV95cUxOaG15UFJGZ2xLSktQU1VrSnpYRU1sRnoyMHg2NzhtZ2d6RkR4eFp2LVBoZXkyM1BWdDhTUGNISWVfY29oWXZja2ZMbHp4NkQ0eU5rOGFxd3ZmNFZHRjBwTzh3UE5RZnZwUmdEeXNlQmoxWFBLMl84ek1oRFlXLWZWVTAySm43U01TLTBpRnBlZWx5cTdOVHJXVlZBT3BDenAzSUlpNnRLT1VXQ2h6ckVQUjlDQzktYU1Qd3FVUzBtckoxOGJhNmFybHhWelJQQ1ZvSVp0ZWFjRW9XRW9nLUEyMFBrQ3F6QzRxRWRKQVBBZDZLVnlGcndwOHRySlE?oc=5\" target=\"_blank\" rel=\"nofollow noopener\">WTA 1000 Montr\u00e9al. Iga Swiatek : \u00ab J\u2019essaie de ne pas lire ce qui est publi\u00e9 sur moi \u00bb<\/a>&nbsp;&nbsp;Ouest-France<\/li>\n<li><a href=\"https:\/\/news.google.com\/rss\/articles\/CBMitgFBVV95cUxOUWk4dURIakJaV00zaldLUGd4b2g3NlJCOG9IVlVzcDduVTRxeDBTSjVCa2U4N2NtUDh4emRVeU50Y0NiR1I5SnZ4XzVqR25HZ0pnVHNBWjFGZmY3MzlROGtuQ29wd3BCS0pXYlZVdlFfbFlwSWVFT3VjZ1NGdDM3aDB3Q1ZJWDhSemRkem9HTFBDOF9fMHBsU0I3THg1SlJfQVU0Zm1Hdm5yNDB4SFdJZ1ZPd2tSQQ?oc=5\" target=\"_blank\" rel=\"nofollow noopener\">Selena Gomez d\u00e9voile son menu de mariage id\u00e9al<\/a>&nbsp;&nbsp;MSN<\/li>\n<li><a href=\"https:\/\/news.google.com\/rss\/articles\/CBMi9AFBVV95cUxNdElDZVd1UGNZejJSeXU0Y1JFem84NEZoUjYzQUhtcUs5NjBkaGhud3hyTExzRkwtb09tRlFGc2tjS1dxQXBHc2R2SHc0eEVoTUxBbkUxcklCVzlrZHFtbEY3VXlyWmthc2thNGFTTlhXZUFvWjFJZVhrZlFMRjhkM3Uwc3J0a3N0TDU4U1FqZUJ2YW1wZjNjcGdBRXBielBwX090Qnd0dGhjYUxPMnNTSkx0TUw3UHM0SGd6OGZkYjFTY0VmQk5RY0dnakZRc2IzeGpqdmpiNUJNTTl4bUtGeGNMQ3BGbTNpSlR6aWU0YzF0UHVJ?oc=5\" target=\"_blank\" rel=\"nofollow noopener\">WTA &#8211; Montr\u00e9al &gt; Iga Swiatek apr\u00e8s sa victoire contre Eva Lys: \u00ab Les \u00e9changes au filet sont toujours un peu g\u00eanants, mais j&rsquo;aime son humour<\/a>&nbsp;&nbsp;We Love Tennis<\/li>\n<\/ol>\n","protected":false},"excerpt":{"rendered":"\u00ab Je n&rsquo;\u00e9tais pas partie&#8230; \u00bb : Iga Swiatek r\u00e9fute l&rsquo;id\u00e9e d&rsquo;une mauvaise saison avant son titre \u00e0&hellip;\n","protected":false},"author":2,"featured_media":301507,"comment_status":"","ping_status":"","sticky":false,"template":"","format":"standard","meta":{"footnotes":""},"categories":[1415],"tags":[1011,27,60,1467],"class_list":{"0":"post-301506","1":"post","2":"type-post","3":"status-publish","4":"format-standard","5":"has-post-thumbnail","7":"category-tennis","8":"tag-fr","9":"tag-france","10":"tag-sports","11":"tag-tennis"},"share_on_mastodon":{"url":"https:\/\/pubeurope.com\/@fr\/114984506024231020","error":""},"_links":{"self":[{"href":"https:\/\/www.europesays.com\/fr\/wp-json\/wp\/v2\/posts\/301506","targetHints":{"allow":["GET"]}}],"collection":[{"href":"https:\/\/www.europesays.com\/fr\/wp-json\/wp\/v2\/posts"}],"about":[{"href":"https:\/\/www.europesays.com\/fr\/wp-json\/wp\/v2\/types\/post"}],"author":[{"embeddable":true,"href":"https:\/\/www.europesays.com\/fr\/wp-json\/wp\/v2\/users\/2"}],"replies":[{"embeddable":true,"href":"https:\/\/www.europesays.com\/fr\/wp-json\/wp\/v2\/comments?post=301506"}],"version-history":[{"count":0,"href":"https:\/\/www.europesays.com\/fr\/wp-json\/wp\/v2\/posts\/301506\/revisions"}],"wp:featuredmedia":[{"embeddable":true,"href":"https:\/\/www.europesays.com\/fr\/wp-json\/wp\/v2\/media\/301507"}],"wp:attachment":[{"href":"https:\/\/www.europesays.com\/fr\/wp-json\/wp\/v2\/media?parent=301506"}],"wp:term":[{"taxonomy":"category","embeddable":true,"href":"https:\/\/www.europesays.com\/fr\/wp-json\/wp\/v2\/categories?post=301506"},{"taxonomy":"post_tag","embeddable":true,"href":"https:\/\/www.europesays.com\/fr\/wp-json\/wp\/v2\/tags?post=301506"}],"curies":[{"name":"wp","href":"https:\/\/api.w.org\/{rel}","templated":true}]}}