{"id":301509,"date":"2025-08-06T23:53:17","date_gmt":"2025-08-06T23:53:17","guid":{"rendered":"https:\/\/www.europesays.com\/fr\/301509\/"},"modified":"2025-08-06T23:53:17","modified_gmt":"2025-08-06T23:53:17","slug":"ferrari-mise-sur-deux-nouvelles-pepites-dans-son-academie","status":"publish","type":"post","link":"https:\/\/www.europesays.com\/fr\/301509\/","title":{"rendered":"Ferrari mise sur deux nouvelles p\u00e9pites dans son acad\u00e9mie"},"content":{"rendered":"<p>Ferrari vient de recruter deux nouveaux jeunes pilotes dans son acad\u00e9mie, l\u2019Italien de 15 ans Niccol\u00f2 Maccagnani et la Danoise Alba Larsen, qui a deux ans de plus.<\/p>\n<p class=\"fig-paragraph\">Niccol\u00f2 Maccagnani et Alba Larsen. Ces noms seront peut-\u00eatre synonymes de triomphe en<a href=\"http:\/\/www.lefigaro.fr\/sports\/formule-1\/formule-1-en-image-l-accident-impressionnant-d-un-pilote-star-sur-le-circuit-de-hongrie-20250806\" data-fig-type=\"NewsFlash\" data-gtm-custom-categorie=\"navigation\" data-gtm-custom-action=\"crossclick\" data-gtm-custom-label=\"Contextuel\" data-gtm-event=\"customEventSPE\" data-fig-domain=\"LEFIGARO\" rel=\"nofollow noopener\" target=\"_blank\">\u00a0Formule 1\u00a0<\/a>dans quelques ann\u00e9es. Ces deux jeunes talents, respectivement n\u00e9s en 2010 et 2008, ont \u00e9t\u00e9 recrut\u00e9s<a href=\"http:\/\/www.lefigaro.fr\/sports\/formule-1\/voir-ferrari-affronter-mercedes-serait-fantastique-toto-wolff-affirme-les-ambitions-de-mercedes-pour-la-saison-prochaine-20250806\" data-fig-type=\"NewsFlash\" data-gtm-custom-categorie=\"navigation\" data-gtm-custom-action=\"crossclick\" data-gtm-custom-label=\"Contextuel\" data-gtm-event=\"customEventSPE\" data-fig-domain=\"LEFIGARO\" rel=\"nofollow noopener\" target=\"_blank\">\u00a0par Ferrari<\/a>\u00a0afin d\u2019int\u00e9grer son acad\u00e9mie de jeunes pilotes.<\/p>\n<p class=\"fig-paragraph\">Alba Larsen avait d\u00e9j\u00e0 des liens avec les Rouges gr\u00e2ce \u00e0 sa victoire finale lors de la quatri\u00e8me \u00e9dition de Girls on Track &#8211; Rising Star en 2023, \u00abune initiative conjointe entre Ferrari et la FIA pour encourager les jeunes filles \u00e0 se faire une place en sport automobile\u00bb selon le m\u00e9dia sp\u00e9cialis\u00e9\u00a0<a href=\"https:\/\/fr.motorsport.com\/f1\/news\/ferrari-recrute-jeunes-pilotes-2026\/10748681\/\" target=\"_blank\" rel=\"noopener nofollow\" data-gtm-custom-categorie=\"navigation\" data-gtm-custom-action=\"crossclick\" data-gtm-custom-label=\"Contextuel\" data-gtm-event=\"customEventSPE\">Motorsport<\/a> . Cette saison, la Danoise \u00e9volue en F1 Academy, un championnat exclusivement f\u00e9minin utilisant des F4. Elle est actuellement sixi\u00e8me du classement.<\/p>\n<p>                                    <a class=\"fig-a11y-skip a11y-hidden\" href=\"#fig-a11y-skip-main-inarticle\"><br \/>\n        Passer la publicit\u00e9<br \/>\n    <\/a><\/p>\n<p class=\"fig-paragraph\">Ferrari a \u00e9galement \u00e9t\u00e9 s\u00e9duite par l\u2019Italien de 15 ans Niccol\u00f2 Maccagnani. Ce pilote est encore plus jeune et s\u00e9vit toujours en karting o\u00f9 il a obtenu d\u2019excellents r\u00e9sultats. Il a fait ses d\u00e9buts en monoplace et a tout de suite montr\u00e9 une tr\u00e8s belle pointe de vitesse, \u00abr\u00e9alisant le meilleur temps lors d\u2019un test de groupe F4 \u00e0 Vallelunga, devan\u00e7ant 36 autres concurrents\u00bb, d\u2019apr\u00e8s Motorsport.<\/p>\n<p>Imiter le parcours de Leclerc<\/p>\n<p class=\"fig-paragraph\">Larsen et Maccagnani int\u00e9greront officiellement la Ferrari Driver Academy en 2026. Ils y rejoindront notamment le Br\u00e9silien\u00a0<a href=\"http:\/\/www.lefigaro.fr\/sports\/formule-1\/formule-3-membre-de-l-academie-ferrari-le-bresilien-rafael-camara-sacre-champion-en-hongrie-20250803\" data-fig-type=\"NewsFlash\" data-gtm-custom-categorie=\"navigation\" data-gtm-custom-action=\"crossclick\" data-gtm-custom-label=\"Contextuel\" data-gtm-event=\"customEventSPE\" data-fig-domain=\"LEFIGARO\" rel=\"nofollow noopener\" target=\"_blank\">Rafael Camara<\/a>, tout juste sacr\u00e9 champion de Formule 3. Ces jeunes talents ne r\u00eavent que d\u2019une chose, suivre le chemin emprunt\u00e9 par\u00a0<a href=\"http:\/\/www.lefigaro.fr\/sports\/formule-1\/formule-1-vous-auriez-du-m-ecouter-l-agacement-de-charles-leclerc-ferrari-envers-son-ecurie-20250803\" data-fig-type=\"NewsFlash\" data-gtm-custom-categorie=\"navigation\" data-gtm-custom-action=\"crossclick\" data-gtm-custom-label=\"Contextuel\" data-gtm-event=\"customEventSPE\" data-fig-domain=\"LEFIGARO\" rel=\"nofollow noopener\" target=\"_blank\">Charles Leclerc<\/a>\u00a0il y a quelques ann\u00e9es et finir par rouler pour la Scuderia dans l\u2019\u00e9lite du sport automobile.<\/p>\n","protected":false},"excerpt":{"rendered":"Ferrari vient de recruter deux nouveaux jeunes pilotes dans son acad\u00e9mie, l\u2019Italien de 15 ans Niccol\u00f2 Maccagnani et&hellip;\n","protected":false},"author":2,"featured_media":301510,"comment_status":"","ping_status":"","sticky":false,"template":"","format":"standard","meta":{"footnotes":""},"categories":[1412],"tags":[2240,1451,2251,1452,1453,1454,1455,1011,27,60],"class_list":{"0":"post-301509","1":"post","2":"type-post","3":"status-publish","4":"format-standard","5":"has-post-thumbnail","7":"category-f1","8":"tag-charles-leclerc","9":"tag-f1","10":"tag-ferrari","11":"tag-formula-1","12":"tag-formula1","13":"tag-formule-1","14":"tag-formule1","15":"tag-fr","16":"tag-france","17":"tag-sports"},"share_on_mastodon":{"url":"https:\/\/pubeurope.com\/@fr\/114984517903468651","error":""},"_links":{"self":[{"href":"https:\/\/www.europesays.com\/fr\/wp-json\/wp\/v2\/posts\/301509","targetHints":{"allow":["GET"]}}],"collection":[{"href":"https:\/\/www.europesays.com\/fr\/wp-json\/wp\/v2\/posts"}],"about":[{"href":"https:\/\/www.europesays.com\/fr\/wp-json\/wp\/v2\/types\/post"}],"author":[{"embeddable":true,"href":"https:\/\/www.europesays.com\/fr\/wp-json\/wp\/v2\/users\/2"}],"replies":[{"embeddable":true,"href":"https:\/\/www.europesays.com\/fr\/wp-json\/wp\/v2\/comments?post=301509"}],"version-history":[{"count":0,"href":"https:\/\/www.europesays.com\/fr\/wp-json\/wp\/v2\/posts\/301509\/revisions"}],"wp:featuredmedia":[{"embeddable":true,"href":"https:\/\/www.europesays.com\/fr\/wp-json\/wp\/v2\/media\/301510"}],"wp:attachment":[{"href":"https:\/\/www.europesays.com\/fr\/wp-json\/wp\/v2\/media?parent=301509"}],"wp:term":[{"taxonomy":"category","embeddable":true,"href":"https:\/\/www.europesays.com\/fr\/wp-json\/wp\/v2\/categories?post=301509"},{"taxonomy":"post_tag","embeddable":true,"href":"https:\/\/www.europesays.com\/fr\/wp-json\/wp\/v2\/tags?post=301509"}],"curies":[{"name":"wp","href":"https:\/\/api.w.org\/{rel}","templated":true}]}}