{"id":301515,"date":"2025-08-06T23:56:11","date_gmt":"2025-08-06T23:56:11","guid":{"rendered":"https:\/\/www.europesays.com\/fr\/301515\/"},"modified":"2025-08-06T23:56:11","modified_gmt":"2025-08-06T23:56:11","slug":"brad-pitt-en-deuil-en-pleine-bagarre-avec-angelina-jolie-il-a-perdu-la-premiere-femme-de-sa-vie","status":"publish","type":"post","link":"https:\/\/www.europesays.com\/fr\/301515\/","title":{"rendered":"Brad Pitt en deuil : en pleine bagarre avec Angelina Jolie, il a perdu la premi\u00e8re femme de sa vie"},"content":{"rendered":"<p>Ces derni\u00e8res ann\u00e9es, <a href=\"https:\/\/www.closermag.fr\/people\/brad-pitt-ne-ressemble-plus-a-ca-cheveux-decolores-et-look-ringard-ces-photos-qui-surprennent-3568120\" target=\"_blank\" rel=\"noopener\"><br \/>\nBrad Pitt<\/a> a surtout fait les gros titres pour son<br \/>\n<strong>douloureux<\/strong> <a href=\"https:\/\/www.closermag.fr\/people\/drogue-au-petit-dejeuner-son-divorce-avec-angelina-jolie-la-mis-plus-bas-que-terre-brad-pitt-se-confie-et-cest-choquant-3558141\" target=\"_blank\" rel=\"noopener\"><br \/>\ndivorce avec Angelina Jolie<\/a>. Depuis leur s\u00e9paration en 2016,<br \/>\nl\u2019acteur est engag\u00e9 dans une longue <strong>bataille<br \/>\njudiciaire<\/strong> qui l\u2019oppose \u00e0 la m\u00e8re de ses enfants. Une<br \/>\nguerre <strong>intime<\/strong> qui l\u2019a \u00e9loign\u00e9 de ses enfants.<br \/>\nCertains ne lui adressent plus la parole depuis des ann\u00e9es.<\/p>\n<p>Dans ce contexte <strong>personnel<\/strong> d\u00e9j\u00e0 tr\u00e8s tendu,<br \/>\nl\u2019acteur de 61 ans doit aujourd\u2019hui faire face \u00e0 une autre \u00e9preuve<br \/>\n: le <strong>deuil<\/strong>. Ce mercredi 6 ao\u00fbt, sa famille a<br \/>\nannonc\u00e9 une <strong>disparition<\/strong> d\u00e9chirante. Celle de<br \/>\n<a href=\"https:\/\/www.closermag.fr\/people\/brad-pitt-ses-enfants-n-ont-pas-vu-leurs-grands-parents-depuis-une-eternite-1159853#item=1\" target=\"_blank\" rel=\"noopener\"><br \/>\nJane Etta Pitt<\/a>, sa m\u00e8re, d\u00e9c\u00e9d\u00e9e \u00e0 l\u2019\u00e2ge de 84 ans. Une<br \/>\nnouvelle qui bouleverse la <a href=\"https:\/\/www.closermag.fr\/people\/brad-pitt-nen-jetez-plus-la-coupe-est-pleine-pour-lacteur-qui-brule-les-ponts-avec-deux-de-ses-enfants-3554110\" target=\"_blank\" rel=\"noopener\"><br \/>\nfamille de Brad Pitt<\/a> au moment o\u00f9 les <a href=\"https:\/\/www.closermag.fr\/people\/brad-pitt-et-angelina-jolie-la-guerre-des-ex-sintensifie-des-messages-potentiellement-compromettants-3562666\" target=\"_blank\" rel=\"noopener\"><br \/>\ntensions avec Angelina Jolie<\/a> atteignent un sommet.<\/p>\n<p>Une disparition qui bouleverse Brad Pitt<\/p>\n<p>C\u2019est la petite-fille de Jane, Sydney, qui a confirm\u00e9 la<br \/>\nnouvelle dans un hommage <strong>bouleversant<\/strong> publi\u00e9 sur<br \/>\nles r\u00e9seaux sociaux. \u201cNous n\u2019\u00e9tions <strong>pas pr\u00eats \u00e0 te<br \/>\nlaisser partir,<\/strong> mais savoir que tu es enfin <strong>libre<br \/>\nde chanter, danser et peindre<\/strong> \u00e0 nouveau rend la chose<br \/>\n<strong>un peu plus facile<\/strong>.\u2019\u2019 a-t-elle \u00e9crit. D\u00e9crite<br \/>\ncomme une femme au grand c\u0153ur, Jane Pitt \u00e9tait une figure centrale<br \/>\ndans la famille. \u201c<strong>Capable de suivre les 14<br \/>\npetits-enfants sans jamais perdre le rythme.<\/strong>\u2019\u2019<\/p>\n<p>En retrait des projecteurs, Jane avait pourtant toujours<br \/>\n<strong>soutenu Brad Pitt dans sa carri\u00e8re et ses choix.<\/strong><br \/>\nElle \u00e9tait apparue plusieurs fois sur les <strong>tapis<br \/>\nrouges<\/strong> aux c\u00f4t\u00e9s de son fils et m\u00eame d\u2019Angelina Jolie.<br \/>\nElle l\u2019appelait affectueusement Angie. En 2014, elle avait salu\u00e9<br \/>\nl\u2019actrice comme une <strong>fiert\u00e9<\/strong> pour la famille. Elle<br \/>\nse disant \u201c<strong>tr\u00e8s fi\u00e8re d\u2019elle<\/strong>\u2019\u2019<br \/>\nparticuli\u00e8rement pour l\u2019amour qu\u2019elle portait aux <strong>enfants<br \/>\nadopt\u00e9s<\/strong>. Une \u00e9poque d\u00e9sormais<br \/>\n<strong>lointaine<\/strong>\u2026<\/p>\n<p>Une fracture familiale toujours<br \/>\nouverte<\/p>\n<p>Aujourd\u2019hui, les <strong>relations entre Brad Pitt et ses<br \/>\nenfants restent glaciales<\/strong>. Depuis l\u2019altercation en jet<br \/>\npriv\u00e9 en 2016 qui a provoqu\u00e9 la <strong>demande de divorce<br \/>\nd\u2019Angelina Jolie<\/strong>, le com\u00e9dien est rest\u00e9<br \/>\n<strong>\u00e9loign\u00e9<\/strong> de ses enfants. Certains membres de sa<br \/>\nfamille, dont ses parents, auraient tr\u00e8s <strong>mal v\u00e9cu cette<br \/>\ndistance<\/strong> impos\u00e9e avec leurs petits-enfants.<\/p>\n<p>En 2024, un proche confiait au <a href=\"https:\/\/www.dailymail.co.uk\/tvshowbiz\/article-14976619\/Brad-Pitt-mom-Jane-Etta-dead-family-emotional-tribute.html\" target=\"_blank\" rel=\"noopener\"><br \/>\nDaily Mail<\/a> que Jane et William Pitt \u00e9taient \u201c<strong>le<br \/>\nc\u0153ur bris\u00e9<\/strong>\u2019\u2019 de ne <strong>plus voir leurs<br \/>\npetits-enfants depuis 8 ans<\/strong>. Une <strong>douleur<br \/>\nfamiliale<\/strong> profonde rendue publique lors d\u2019une rare<br \/>\nd\u00e9claration de Brad Pitt en juin dernier. \u201cJe dois dire<br \/>\n<strong>bonjour \u00e0 ma maman, Jane Pitt. Je t\u2019aime,<br \/>\nMaman<\/strong><strong>.<\/strong>\u2019\u2019 avait-il lanc\u00e9 \u00e0 la<br \/>\nt\u00e9l\u00e9vision, le sourire aux l\u00e8vres et la voix pleine d\u2019\u00e9motion.<\/p>\n","protected":false},"excerpt":{"rendered":"Ces derni\u00e8res ann\u00e9es, Brad Pitt a surtout fait les gros titres pour son douloureux divorce avec Angelina Jolie.&hellip;\n","protected":false},"author":2,"featured_media":301516,"comment_status":"","ping_status":"","sticky":false,"template":"","format":"standard","meta":{"footnotes":""},"categories":[1359],"tags":[15216,548,2134,58,59,1011,27,973],"class_list":{"0":"post-301515","1":"post","2":"type-post","3":"status-publish","4":"format-standard","5":"has-post-thumbnail","7":"category-people","8":"tag-angelina-jolie","9":"tag-article-simple","10":"tag-brad-pitt","11":"tag-divertissement","12":"tag-entertainment","13":"tag-fr","14":"tag-france","15":"tag-people"},"share_on_mastodon":{"url":"https:\/\/pubeurope.com\/@fr\/114984529683143197","error":""},"_links":{"self":[{"href":"https:\/\/www.europesays.com\/fr\/wp-json\/wp\/v2\/posts\/301515","targetHints":{"allow":["GET"]}}],"collection":[{"href":"https:\/\/www.europesays.com\/fr\/wp-json\/wp\/v2\/posts"}],"about":[{"href":"https:\/\/www.europesays.com\/fr\/wp-json\/wp\/v2\/types\/post"}],"author":[{"embeddable":true,"href":"https:\/\/www.europesays.com\/fr\/wp-json\/wp\/v2\/users\/2"}],"replies":[{"embeddable":true,"href":"https:\/\/www.europesays.com\/fr\/wp-json\/wp\/v2\/comments?post=301515"}],"version-history":[{"count":0,"href":"https:\/\/www.europesays.com\/fr\/wp-json\/wp\/v2\/posts\/301515\/revisions"}],"wp:featuredmedia":[{"embeddable":true,"href":"https:\/\/www.europesays.com\/fr\/wp-json\/wp\/v2\/media\/301516"}],"wp:attachment":[{"href":"https:\/\/www.europesays.com\/fr\/wp-json\/wp\/v2\/media?parent=301515"}],"wp:term":[{"taxonomy":"category","embeddable":true,"href":"https:\/\/www.europesays.com\/fr\/wp-json\/wp\/v2\/categories?post=301515"},{"taxonomy":"post_tag","embeddable":true,"href":"https:\/\/www.europesays.com\/fr\/wp-json\/wp\/v2\/tags?post=301515"}],"curies":[{"name":"wp","href":"https:\/\/api.w.org\/{rel}","templated":true}]}}