{"id":301517,"date":"2025-08-06T23:57:17","date_gmt":"2025-08-06T23:57:17","guid":{"rendered":"https:\/\/www.europesays.com\/fr\/301517\/"},"modified":"2025-08-06T23:57:17","modified_gmt":"2025-08-06T23:57:17","slug":"verdun-armand-roy-expose-ses-oeuvres-a-la-chapelle-buvignier","status":"publish","type":"post","link":"https:\/\/www.europesays.com\/fr\/301517\/","title":{"rendered":"Verdun. Armand Roy expose ses \u0153uvres \u00e0 la Chapelle Buvignier"},"content":{"rendered":"<p>Le Verdunois Armand Roy privatise, en quelque sorte, la chapelle Saint-Nicolas (dite Buvignier) pour y installer une soixantaine de ses \u0153uvres. L\u2019exposition a d\u00e9but\u00e9 ce samedi 2 ao\u00fbt pour s\u2019achever le 17 du m\u00eame mois. \u00c0 84 ans, cet ancien \u00e9tudiant des Beaux-arts \u00e0 Nancy mise sur l\u2019\u00e9clectisme, en proposant aussi bien de l\u2019art abstrait que du figuratif. Il s\u2019inspire parfois de photographies, d\u2019illustrations ou d\u2019\u0153uvres d\u2019autres peintres pour donner naissance \u00e0 ses propres cr\u00e9ations. Ou bien il laisse libre cours \u00e0 son imaginaire.<\/p>\n<p>Natif de Normandie, il s\u2019est install\u00e9 en Meuse avec sa famille quand il \u00e9tait enfant en 1949. Un d\u00e9partement qu\u2019il a d\u00e9laiss\u00e9 quelque peu au cours de sa carri\u00e8re professionnelle travaillant notamment \u00ab \u00e0 Nancy, \u00e0 Paris ou encore \u00e0 Nice \u00bb, assure-t-il. Avant son retour en Meuse o\u00f9 il a, entre autres (en sautant quelques \u00e9tapes), occup\u00e9 un poste \u00ab d\u2019inspecteur dans les assurances \u00bb. Un r\u00e9sum\u00e9 non exhaustif de son parcours professionnel. L\u2019art, cependant, est le fil rouge de sa vie, revendique-t-il. \u00ab Je suis n\u00e9 un crayon entre les mains. \u00bb Il d\u00e9voile cette partie de son univers au public lors de cette exposition \u00e0 la chapelle Buvignier. Le public observera des \u0153uvres vari\u00e9es : des sayn\u00e8tes de caf\u00e9 de l\u2019Entre-deux-Guerres, des paysages teint\u00e9s d\u2019orientalisme, des \u0153uvres \u00e9voquant la guerre, des cr\u00e9ations destin\u00e9es aux enfants, etc. \u00ab Je vise un art accessible \u00e0 tous \u00bb, incite le Meusien, qui exploite notamment la technique de la peinture sous verre.<\/p>\n<p class=\"note\">Exposition-vente \u00e0 la chapelle Saint-Nicolas (dite Buvignier), rue Mazel, \u00e0 Verdun, du 2 au 17 ao\u00fbt, de 13 h 30 \u00e0 19 h.<\/p>\n","protected":false},"excerpt":{"rendered":"Le Verdunois Armand Roy privatise, en quelque sorte, la chapelle Saint-Nicolas (dite Buvignier) pour y installer une soixantaine&hellip;\n","protected":false},"author":2,"featured_media":301518,"comment_status":"","ping_status":"","sticky":false,"template":"","format":"standard","meta":{"footnotes":""},"categories":[1358],"tags":[1348,1384,1385,1687,1386,58,10174,59,1011,27,2410,10172,10173],"class_list":{"0":"post-301517","1":"post","2":"type-post","3":"status-publish","4":"format-standard","5":"has-post-thumbnail","7":"category-arts-et-design","8":"tag-arts","9":"tag-arts-and-design","10":"tag-arts-et-design","11":"tag-culture-loisirs","12":"tag-design","13":"tag-divertissement","14":"tag-edition-verdun","15":"tag-entertainment","16":"tag-fr","17":"tag-france","18":"tag-livres-bd","19":"tag-verdun","20":"tag-verdun-ville-55a"},"share_on_mastodon":{"url":"https:\/\/pubeurope.com\/@fr\/114984533656991949","error":""},"_links":{"self":[{"href":"https:\/\/www.europesays.com\/fr\/wp-json\/wp\/v2\/posts\/301517","targetHints":{"allow":["GET"]}}],"collection":[{"href":"https:\/\/www.europesays.com\/fr\/wp-json\/wp\/v2\/posts"}],"about":[{"href":"https:\/\/www.europesays.com\/fr\/wp-json\/wp\/v2\/types\/post"}],"author":[{"embeddable":true,"href":"https:\/\/www.europesays.com\/fr\/wp-json\/wp\/v2\/users\/2"}],"replies":[{"embeddable":true,"href":"https:\/\/www.europesays.com\/fr\/wp-json\/wp\/v2\/comments?post=301517"}],"version-history":[{"count":0,"href":"https:\/\/www.europesays.com\/fr\/wp-json\/wp\/v2\/posts\/301517\/revisions"}],"wp:featuredmedia":[{"embeddable":true,"href":"https:\/\/www.europesays.com\/fr\/wp-json\/wp\/v2\/media\/301518"}],"wp:attachment":[{"href":"https:\/\/www.europesays.com\/fr\/wp-json\/wp\/v2\/media?parent=301517"}],"wp:term":[{"taxonomy":"category","embeddable":true,"href":"https:\/\/www.europesays.com\/fr\/wp-json\/wp\/v2\/categories?post=301517"},{"taxonomy":"post_tag","embeddable":true,"href":"https:\/\/www.europesays.com\/fr\/wp-json\/wp\/v2\/tags?post=301517"}],"curies":[{"name":"wp","href":"https:\/\/api.w.org\/{rel}","templated":true}]}}