{"id":301519,"date":"2025-08-06T23:58:20","date_gmt":"2025-08-06T23:58:20","guid":{"rendered":"https:\/\/www.europesays.com\/fr\/301519\/"},"modified":"2025-08-06T23:58:20","modified_gmt":"2025-08-06T23:58:20","slug":"les-meilleurs-ouvrages-pour-explorer-monaco-au-dela-des-cliches","status":"publish","type":"post","link":"https:\/\/www.europesays.com\/fr\/301519\/","title":{"rendered":"Les meilleurs ouvrages pour explorer Monaco au-del\u00e0 des clich\u00e9s"},"content":{"rendered":"<p><strong>De la splendeur du Rocher aux subtilit\u00e9s de son histoire politique et sociale, Monaco m\u00e9rite d\u2019\u00eatre explor\u00e9 autrement qu\u2019\u00e0 travers les projecteurs du Grand Prix ou les tapis rouges du Casino. S\u00e9lection d\u2019ouvrages indispensables pour appr\u00e9hender la Principaut\u00e9 dans toute sa richesse.<\/strong><\/p>\n<p><strong>L\u2019Histoire de Monaco<\/strong><\/p>\n<p><strong>Jean-Louis Fouilleron, \u00e9ditions Perrin, 2016<\/strong><br \/>Sp\u00e9cialiste de l\u2019histoire moderne et contemporaine, Jean-Louis Fouilleron livre une synth\u00e8se rigoureuse et accessible de l\u2019histoire mon\u00e9gasque. Des origines g\u00e9noises \u00e0 l\u2019ind\u00e9pendance politique, en passant par les relations avec la France, ce livre offre une base historique solide pour comprendre les \u00e9volutions d\u2019un territoire \u00e0 la fois minuscule et strat\u00e9gique.<\/p>\n<p><strong>Histoire de Monaco<\/strong><\/p>\n<p><strong>Marc Bourgne, \u00e9diteur Z\u00e9phyr BD, 2010<\/strong><br \/>Cette bande dessin\u00e9e historique, magnifiquement illustr\u00e9e par Marc Bourgne, raconte avec p\u00e9dagogie et vivacit\u00e9 les grandes \u00e9tapes de l\u2019histoire mon\u00e9gasque. Parfait pour un public jeune ou n\u00e9ophyte, ce format original rend l\u2019histoire accessible sans rien sacrifier \u00e0 la pr\u00e9cision des faits.<\/p>\n<p><img loading=\"lazy\" decoding=\"async\" width=\"875\" height=\"1024\" src=\"https:\/\/www.europesays.com\/fr\/wp-content\/uploads\/2025\/08\/histoire-de-monaco-bd-875x1024.jpg\" alt=\"histoire-de-monaco-bd\" class=\"wp-image-116348\"  \/>\u00a9 Monaco Tribune<\/p>\n<p><strong>Monaco \u00e0 travers les si\u00e8cles<\/strong><\/p>\n<p><strong>Patrice Wooley, Olivier Sarrazin et Marie-Christine Philipps Chaki, \u00c9ditions Chaki, 1982<\/strong><br \/>Cette <a href=\"https:\/\/www.monaco-tribune.com\/2022\/03\/les-huit-meilleures-bandes-dessinees-consacrees-a-la-principaute\/\" rel=\"nofollow noopener\" target=\"_blank\">bande-dessin\u00e9e<\/a> collective dresse une fresque historique ambitieuse de la Principaut\u00e9, des origines m\u00e9di\u00e9vales \u00e0 l\u2019\u00e9poque contemporaine. Richement document\u00e9, pr\u00e9fac\u00e9 par le Prince Rainier III, il m\u00eale r\u00e9cits politiques, vie \u00e9conomique, et \u00e9volution sociale. Sa parution dans les ann\u00e9es 1980 en fait aussi un t\u00e9moignage int\u00e9ressant sur la mani\u00e8re dont Monaco se pensait \u00e0 l\u2019aube de sa modernisation. Une r\u00e9f\u00e9rence pr\u00e9cieuse pour les amateurs d\u2019histoire globale.<\/p>\n<p class=\"related\"><a href=\"https:\/\/www.monaco-tribune.com\/2025\/07\/francois-grimaldi-comment-un-faux-moine-a-fonde-700-ans-de-royaute-monegasque\/\" rel=\"nofollow noopener\" target=\"_blank\">Fran\u00e7ois Grimaldi : comment un faux moine a fond\u00e9 700 ans de royaut\u00e9 mon\u00e9gasque<\/a><\/p>\n<p><strong>Monacopolis<\/strong><\/p>\n<p><strong>Collectif<\/strong>, <strong>Nouveau Mus\u00e9e National de Monaco (NMNM)<\/strong>, <strong>2013<\/strong><br \/>Publi\u00e9 \u00e0 l\u2019occasion de l\u2019exposition \u00e9ponyme, Monacopolis s\u2019int\u00e9resse \u00e0 l\u2019urbanisme, l\u2019architecture et les utopies architecturales qui ont fa\u00e7onn\u00e9 Monaco. Ce beau livre propose une lecture culturelle du territoire, entre ambition architecturale et contraintes g\u00e9ographiques. Un regard photographique in\u00e9dit sur la ville \u00e0 travers le prisme de l\u2019art et de l\u2019urbanisme.<\/p>\n<p><strong>La Principaut\u00e9 de Monaco<\/strong><\/p>\n<p><strong>Jean-Paul Grinda, \u00e9ditions Serre, 2004<\/strong><br \/>R\u00e9dig\u00e9 par un haut fonctionnaire mon\u00e9gasque, ce livre pr\u00e9sente de mani\u00e8re d\u00e9taill\u00e9e les institutions, les lois et le fonctionnement administratif de Monaco. \u00c0 la crois\u00e9e de l\u2019ouvrage de r\u00e9f\u00e9rence et du guide civique, il constitue une ressource pr\u00e9cieuse pour comprendre les particularit\u00e9s de l\u2019\u00c9tat mon\u00e9gasque.<\/p>\n<p><strong>Il \u00e9tait une fois Monaco<\/strong><\/p>\n<p><strong>Jean des Cars, \u00e9ditions Plon, 1997<\/strong><br \/>L\u2019historien Jean des Cars, sp\u00e9cialiste des familles royales, propose ici une narration romanesque de la vie des Grimaldi. De Rainier III \u00e0 Grace Kelly, en passant par leurs anc\u00eatres, le r\u00e9cit m\u00eale anecdotes, r\u00e9cits intimes et contexte historique. Un livre vivant et accessible qui humanise la dynastie.<\/p>\n<p class=\"related\"><a href=\"https:\/\/www.monaco-tribune.com\/2023\/07\/10-ouvrages-pour-apprendre-lhistoire-monegasque-a-la-mediatheque-de-monaco\/\" rel=\"nofollow noopener\" target=\"_blank\">11 ouvrages pour apprendre l\u2019histoire mon\u00e9gasque \u00e0 la M\u00e9diath\u00e8que de Monaco<\/a><\/p>\n<p><strong>Notions d\u2019histoire de Monaco<\/strong><\/p>\n<p><strong>Collectif<\/strong>, <strong>Centre de la M\u00e9moire Mon\u00e9gasque<\/strong>, <strong>date non pr\u00e9cis\u00e9e<\/strong><br \/>Pens\u00e9 comme un manuel synth\u00e9tique, cet ouvrage vise \u00e0 transmettre les grandes lignes de l\u2019histoire mon\u00e9gasque aux nouvelles g\u00e9n\u00e9rations. Il sert aussi de base \u00e0 l\u2019enseignement de l\u2019histoire nationale dans les \u00e9coles de la Principaut\u00e9. Concis, p\u00e9dagogique et pr\u00e9cis, il est un point de d\u00e9part id\u00e9al.<\/p>\n<p class=\"related\"><a href=\"https:\/\/www.monaco-tribune.com\/2025\/06\/la-famille-princiere-accueille-emmanuel-et-brigitte-macron-pour-une-visite-detat-historique\/\" rel=\"nofollow noopener\" target=\"_blank\">La Famille Princi\u00e8re accueille Emmanuel et Brigitte Macron pour une visite d\u2019\u00c9tat historique\u00a0<\/a><\/p>\n<p><strong>La France et la Principaut\u00e9 de Monaco : Histoire d\u2019une singuli\u00e8re souverainet\u00e9<\/strong><\/p>\n<p><strong>Michelle Mauduit-Pallanca, \u00e9ditions Presses du Palais Princier, 2009<\/strong><br \/>Sp\u00e9cialiste du droit et de l\u2019histoire diplomatique, l\u2019autrice explore les relations complexes entre Monaco et la France. \u00c0 travers des archives et une analyse juridique fine, elle d\u00e9crypte les fondements de la souverainet\u00e9 mon\u00e9gasque. Un ouvrage rigoureux, pr\u00e9cieux pour les passionn\u00e9s de g\u00e9opolitique et de droit international.<\/p>\n<p>Monaco Droit<\/p>\n<p><strong>Revue annuelle, \u00c9ditions du Journal de Monaco, depuis 2021<\/strong><br \/>Publi\u00e9 sous l\u2019\u00e9gide de la Direction des Affaires Juridiques, ce p\u00e9riodique scientifique propose une lecture experte du droit mon\u00e9gasque. Chaque num\u00e9ro aborde les \u00e9volutions l\u00e9gislatives, les d\u00e9cisions jurisprudentielles marquantes, ou encore les sp\u00e9cificit\u00e9s constitutionnelles de la Principaut\u00e9. R\u00e9dig\u00e9e par des juristes, magistrats et professeurs, Monaco Droit est une ressource incontournable pour toute personne souhaitant comprendre les rouages institutionnels et l\u2019originalit\u00e9 du syst\u00e8me juridique mon\u00e9gasque.<\/p>\n<p><strong>Saveurs de Monaco, les recettes authentiques<\/strong><\/p>\n<p><img loading=\"lazy\" decoding=\"async\" width=\"387\" height=\"499\" src=\"https:\/\/www.europesays.com\/fr\/wp-content\/uploads\/2025\/08\/saveurs-de-monaco-les-recettes-authentiques.jpg\" alt=\"SAVEURS DE MONACO LES RECETTES AUTHENTIQUES\" class=\"wp-image-65258\"  \/><\/p>\n<p><strong>Paul Mullot, \u00e9ditions \u00c9pi, 1998<\/strong><br \/>Un voyage gustatif au c\u0153ur des traditions mon\u00e9gasques. Dans cet ouvrage culinaire, Paul Mullot compile les recettes du terroir de la Principaut\u00e9, entre influences ni\u00e7oises, italiennes et m\u00e9diterran\u00e9ennes. De la barbajuan aux pissaladi\u00e8res locales, ce livre est une invitation \u00e0 d\u00e9couvrir Monaco par ses saveurs, dans une approche patrimoniale aussi gourmande qu\u2019authentique.<\/p>\n<p><strong>La L\u00e9gende de Monte-Carlo<\/strong><\/p>\n<p><img loading=\"lazy\" decoding=\"async\" width=\"600\" height=\"864\" src=\"https:\/\/www.europesays.com\/fr\/wp-content\/uploads\/2025\/08\/legende-de-monte-carlo.jpg\" alt=\"\" class=\"wp-image-308525\"  \/><\/p>\n<p><strong>Pamela Fiori, \u00e9ditions Assouline, 2021<\/strong><br \/>\u00c9crit par l\u2019\u00e9ditrice et journaliste am\u00e9ricaine, Pamela Fiori, cet ouvrage retrace justement la gen\u00e8se du mythe de Monte-Carlo. Illustr\u00e9 de nombreuses photographies, il plonge dans l\u2019histoire mondaine et glamour de la Principaut\u00e9, en s\u2019attardant sur son architecture iconique, ses \u00e9v\u00e9nements prestigieux, et ses visiteurs illustres. Id\u00e9al pour ceux qui veulent comprendre comment Monte-Carlo est devenu un symbole universel du luxe.<\/p>\n<p>La plupart de ces ouvrages est consultable \u00e0 la M\u00e9diath\u00e8que de Monaco se trouve \u00e0 la Biblioth\u00e8que Louis Notari ou au Fonds patrimonial pour les ouvrages en r\u00e9serve et stock\u00e9s. \u00c0 noter que la M\u00e9diath\u00e8que fermera \u00e0 la mi-septembre pour prendre ses quartiers dans le nouvel espace au 5 promenade Honor\u00e9 II. La \u00ab\u00a0M\u00e9diath\u00e8que Caroline\u00a0\u00bb recevra le public \u00e0 compter du 11 d\u00e9cembre prochain.\u00a0<\/p>\n","protected":false},"excerpt":{"rendered":"De la splendeur du Rocher aux subtilit\u00e9s de son histoire politique et sociale, Monaco m\u00e9rite d\u2019\u00eatre explor\u00e9 autrement&hellip;\n","protected":false},"author":2,"featured_media":301520,"comment_status":"","ping_status":"","sticky":false,"template":"","format":"standard","meta":{"footnotes":""},"categories":[1357],"tags":[1379,58,59,1011,27,937,1380],"class_list":{"0":"post-301519","1":"post","2":"type-post","3":"status-publish","4":"format-standard","5":"has-post-thumbnail","7":"category-livres","8":"tag-books","9":"tag-divertissement","10":"tag-entertainment","11":"tag-fr","12":"tag-france","13":"tag-histoire","14":"tag-livres"},"share_on_mastodon":{"url":"https:\/\/pubeurope.com\/@fr\/114984537732753666","error":""},"_links":{"self":[{"href":"https:\/\/www.europesays.com\/fr\/wp-json\/wp\/v2\/posts\/301519","targetHints":{"allow":["GET"]}}],"collection":[{"href":"https:\/\/www.europesays.com\/fr\/wp-json\/wp\/v2\/posts"}],"about":[{"href":"https:\/\/www.europesays.com\/fr\/wp-json\/wp\/v2\/types\/post"}],"author":[{"embeddable":true,"href":"https:\/\/www.europesays.com\/fr\/wp-json\/wp\/v2\/users\/2"}],"replies":[{"embeddable":true,"href":"https:\/\/www.europesays.com\/fr\/wp-json\/wp\/v2\/comments?post=301519"}],"version-history":[{"count":0,"href":"https:\/\/www.europesays.com\/fr\/wp-json\/wp\/v2\/posts\/301519\/revisions"}],"wp:featuredmedia":[{"embeddable":true,"href":"https:\/\/www.europesays.com\/fr\/wp-json\/wp\/v2\/media\/301520"}],"wp:attachment":[{"href":"https:\/\/www.europesays.com\/fr\/wp-json\/wp\/v2\/media?parent=301519"}],"wp:term":[{"taxonomy":"category","embeddable":true,"href":"https:\/\/www.europesays.com\/fr\/wp-json\/wp\/v2\/categories?post=301519"},{"taxonomy":"post_tag","embeddable":true,"href":"https:\/\/www.europesays.com\/fr\/wp-json\/wp\/v2\/tags?post=301519"}],"curies":[{"name":"wp","href":"https:\/\/api.w.org\/{rel}","templated":true}]}}