{"id":301521,"date":"2025-08-06T23:59:18","date_gmt":"2025-08-06T23:59:18","guid":{"rendered":"https:\/\/www.europesays.com\/fr\/301521\/"},"modified":"2025-08-06T23:59:18","modified_gmt":"2025-08-06T23:59:18","slug":"akim-est-grille-par-un-sbire-de-didier-alix-couvre-ulysse-le-resume-de-lepisode-1722-du-jeudi-7-aout-2025","status":"publish","type":"post","link":"https:\/\/www.europesays.com\/fr\/301521\/","title":{"rendered":"Akim est grill\u00e9 par un sbire de Didier, Alix couvre Ulysse&#8230; Le r\u00e9sum\u00e9 de l&rsquo;\u00e9pisode 1722 du jeudi 7 ao\u00fbt 2025"},"content":{"rendered":"<p>Dans l&rsquo;\u00e9pisode 1722 d&rsquo;Un si grand soleil diffus\u00e9 jeudi 7 ao\u00fbt 2025 sur France 3, Alix d\u00e9cide de couvrir Ulysse aupr\u00e8s de Bilal. Akim et Becker sont aper\u00e7us en train de parler ensemble par un des sbires de Didier. Liam avoue son nouveau trafic \u00e0 Tha\u00efs.<\/p>\n<p><b>Jeudi 7 ao\u00fbt 2025 dans l&rsquo;\u00e9pisode 1722 d&rsquo;<\/b><b>Un si grand soleil<\/b><b>,<\/b> marqu\u00e9 r\u00e9cemment par <a href=\"https:\/\/www.programme-tv.net\/news\/series-tv\/383542-un-si-grand-soleil-attention-nouveau-changement-d-horaire-exceptionnel-ce-vendredi-18-juillet-2025\/\" data-api-deeplink=\"teleloisirs:\/\/news\/383542\" target=\"_blank\" rel=\"noopener\">de nombreux changements de programmation<\/a>&#8230; Le matin, Ludo (<a href=\"https:\/\/www.programme-tv.net\/news\/series-tv\/384178-un-si-grand-soleil-on-sy-croirait-vraiment-folco-marchi-fan-du-nouveau-decor-de-la-coloc-a-la-ferme-il-nous-raconte\/\" data-api-deeplink=\"teleloisirs:\/\/news\/384178\" target=\"_blank\" rel=\"noopener\">Folco Marchi adore le d\u00e9cor de la ferme<\/a>) essaie de rassurer Bilal sur la cavale d&rsquo;Akim, tandis qu&rsquo;Ulysse dit qu\u2019il file \u00e0 la galerie. Bilal explique ensuite \u00e0 Ludo qu&rsquo;il ne veut pas ressasser au sujet d&rsquo;Akim aupr\u00e8s d&rsquo;Ulysse. A la galerie, Alix pr\u00e9sente Jos\u00e9 \u00e0 Janet. Jos\u00e9 a apport\u00e9 des toiles qu&rsquo;il a trouv\u00e9es en aidant \u00e0 vider la maison d&rsquo;un homme qui a h\u00e9rit\u00e9 d&rsquo;un grand-oncle. Ils commencent \u00e0 n\u00e9gocier le prix des toiles devant Janet. Ulysse d\u00e9couvre les toiles et trouve que ce sont \u00ab\u00a0des cro\u00fbtons\u00a0\u00bb, mais Alix lui demande de les nettoyer. Ulysse se met au travail puis re\u00e7oit un message d&rsquo;un certain Marco qui lui propose de se voir. Il dit \u00e0 Alix qu&rsquo;il va donner \u00e0 Bilal un pr\u00e9l\u00e8vement du vernis pr\u00e9sent sur la toile pour qu&rsquo;il l&rsquo;analyse. Il lui raconte par ailleurs qu&rsquo;il va au cin\u00e9ma avec son amoureux, mais, un peu plus tard, Bilal passe \u00e0 la galerie avec un d\u00eener pour Ulysse. Alix invente une histoire pour couvrir Ulysse puis elle appelle ce dernier pour le pr\u00e9venir. Ulysse ressort du m\u00eame h\u00f4tel que la fois pr\u00e9c\u00e9dente, avant de rentrer \u00e0 la coloc pour le d\u00eener.<\/p>\n<p>                        Un si grand soleil en avance : Akim est grill\u00e9 par l&rsquo;homme de main de Didier<\/p>\n<p>Akim a \u00e9crit une lettre pour Margot dans laquelle il lui r\u00e9v\u00e8le tout sur son infiltration, au cas o\u00f9 il viendrait \u00e0 mourir durant le go fast. Akim retrouve Becker dans sa voiture, mais l&rsquo;homme de main de Didier les voit de loin. Akim donne des lettres au commissaire pour son fr\u00e8re, sa m\u00e8re et Margot. Puis, Liam passe voir Akim dans sa planque et ils parlent avec \u00e9motion de leur amiti\u00e9. A la maison, Becker est tr\u00e8s tendu et \u00e9voque aupr\u00e8s de Janet, mais sans entrer dans le d\u00e9tail, l&rsquo;affaire sur laquelle il travaille. De son c\u00f4t\u00e9, l&rsquo;homme de main vient dire \u00e0 Didier : \u00ab\u00a0J&rsquo;avais raison, on a un gros probl\u00e8me avec Akim.\u00a0\u00bb<\/p>\n<p>Un si grand soleil en avance : Liam avoue tout \u00e0 Tha\u00efs<\/p>\n<p>Liam a remarqu\u00e9 que Tha\u00efs est tendue et il lui avoue qu&rsquo;il a replong\u00e9 dans les trafics, mais elle ne veut pas savoir et part, les larmes aux yeux. Tha\u00efs se confie \u00e0 nouveau \u00e0 Louis \u00e0 propos de l&rsquo;affaire et elle avoue \u00eatre toujours amoureuse de Liam.<\/p>\n","protected":false},"excerpt":{"rendered":"Dans l&rsquo;\u00e9pisode 1722 d&rsquo;Un si grand soleil diffus\u00e9 jeudi 7 ao\u00fbt 2025 sur France 3, Alix d\u00e9cide de&hellip;\n","protected":false},"author":2,"featured_media":301522,"comment_status":"","ping_status":"","sticky":false,"template":"","format":"standard","meta":{"footnotes":""},"categories":[1356],"tags":[244,58,59,1011,27,876,252,1364,9766,26118,26117],"class_list":{"0":"post-301521","1":"post","2":"type-post","3":"status-publish","4":"format-standard","5":"has-post-thumbnail","7":"category-television","8":"tag-commentaire","9":"tag-divertissement","10":"tag-entertainment","11":"tag-fr","12":"tag-france","13":"tag-france-3","14":"tag-television","15":"tag-tv","16":"tag-un-si-grand-soleil","17":"tag-un-si-grand-soleil-ru00e9sumu00e9","18":"tag-un-si-grand-soleil-ru00e9sumu00e9-en-avance"},"share_on_mastodon":{"url":"https:\/\/pubeurope.com\/@fr\/114984541490572457","error":""},"_links":{"self":[{"href":"https:\/\/www.europesays.com\/fr\/wp-json\/wp\/v2\/posts\/301521","targetHints":{"allow":["GET"]}}],"collection":[{"href":"https:\/\/www.europesays.com\/fr\/wp-json\/wp\/v2\/posts"}],"about":[{"href":"https:\/\/www.europesays.com\/fr\/wp-json\/wp\/v2\/types\/post"}],"author":[{"embeddable":true,"href":"https:\/\/www.europesays.com\/fr\/wp-json\/wp\/v2\/users\/2"}],"replies":[{"embeddable":true,"href":"https:\/\/www.europesays.com\/fr\/wp-json\/wp\/v2\/comments?post=301521"}],"version-history":[{"count":0,"href":"https:\/\/www.europesays.com\/fr\/wp-json\/wp\/v2\/posts\/301521\/revisions"}],"wp:featuredmedia":[{"embeddable":true,"href":"https:\/\/www.europesays.com\/fr\/wp-json\/wp\/v2\/media\/301522"}],"wp:attachment":[{"href":"https:\/\/www.europesays.com\/fr\/wp-json\/wp\/v2\/media?parent=301521"}],"wp:term":[{"taxonomy":"category","embeddable":true,"href":"https:\/\/www.europesays.com\/fr\/wp-json\/wp\/v2\/categories?post=301521"},{"taxonomy":"post_tag","embeddable":true,"href":"https:\/\/www.europesays.com\/fr\/wp-json\/wp\/v2\/tags?post=301521"}],"curies":[{"name":"wp","href":"https:\/\/api.w.org\/{rel}","templated":true}]}}