{"id":301523,"date":"2025-08-07T00:00:16","date_gmt":"2025-08-07T00:00:16","guid":{"rendered":"https:\/\/www.europesays.com\/fr\/301523\/"},"modified":"2025-08-07T00:00:16","modified_gmt":"2025-08-07T00:00:16","slug":"le-festival-666-attend-les-metaleux-et-pas-que","status":"publish","type":"post","link":"https:\/\/www.europesays.com\/fr\/301523\/","title":{"rendered":"le Festival 666 attend les \u00ab\u00a0m\u00e9taleux\u00a0\u00bb et pas que"},"content":{"rendered":"<p>Grande nouveaut\u00e9 cette ann\u00e9e\u00a0! Pour la premi\u00e8re fois, le \u00ab\u00a0warm up\u00a0\u00bb \u2013 comprenez le d\u00e9part anticip\u00e9 \u2013 du <a href=\"https:\/\/www.sudouest.fr\/charente-maritime\/cercoux\/charente-maritime-le-festival-666-un-projet-lance-par-un-collegien-devenu-reference-dans-le-monde-du-metal-20965217.php\" rel=\"nofollow noopener\" target=\"_blank\">Festival 666<\/a> se fera d\u00e8s ce jeudi 7\u00a0ao\u00fbt, \u00e0 Cercoux. \u00ab\u00a0Cela veut dire que l\u2019on ouvre le site d\u00e8s jeudi \u00e0 18 heures, gratuitement. Pas oblig\u00e9 d\u2019avoir un billet pour venir\u00a0\u00bb, annonce Victor P\u00e9pin, le fondateur du festival.<\/p>\n<p>        <img decoding=\"async\" id=\"25484451\" src=\"https:\/\/www.europesays.com\/fr\/wp-content\/uploads\/2025\/08\/haute-saintonge-47da6334c3c24512a08030600390ce5a-092618-ph1.jpg\" alt=\"Le Festival 666 accueille chaque ann\u00e9e plus de 6\u00a0000 visiteurs sur trois jours.\" itemprop=\"contentURL\"\/><\/p>\n<p>    Le Festival 666 accueille chaque ann\u00e9e plus de 6\u00a0000 visiteurs sur trois jours.<\/p>\n<p>D.\u00a0Dauphin\/DWD<\/p>\n<p>    Ouverture d\u00e8s jeudi 7 ao\u00fbt<\/p>\n<p>Un int\u00e9r\u00eat certain pour les festivaliers campeurs d\u00e9j\u00e0 sur le site, pour les b\u00e9n\u00e9voles qui pourront s\u2019\u00e9chauffer\u2026 Et aussi pour attirer de nouveaux profils, comme l\u2019explique Victor P\u00e9pin\u00a0: \u00ab\u00a0C\u2019est tout b\u00eate mais on se rend compte que les habitants de la commune et des villages voisins ne viennent pas trop au festival. C\u2019est vrai que le m\u00e9tal n\u2019int\u00e9resse pas tout le monde et n\u2019est pas connu de tous mais nous aimerions motiver les Cercouziens \u00e0 venir. D\u2019autant que l\u2019on sait qu\u2019ils appr\u00e9cient le festival et ses festivaliers qu\u2019ils croisent tous les ans.\u00a0\u00bb Lors de cette soir\u00e9e gratuite, aucun concert n\u2019aura lieu mais les food trucks seront ouverts, les stands de \u00ab\u00a0merchandising\u00a0\u00bb aussi et une soir\u00e9e DJ sera organis\u00e9e de 18 heures \u00e0 minuit\u00a0: \u00ab\u00a0La Macumba night\u00a0\u00bb. \u00ab\u00a0Le collectif Macumba se d\u00e9place dans tous les festivals m\u00e9tal de France pour faire la f\u00eate. Leur concept est simple\u00a0: mixer du m\u00e9tal et de la vari\u00e9t\u00e9, pour un r\u00e9sultat tr\u00e8s kitsch mais super convivial\u00a0!\u00a0\u00bb<\/p>\n<p>Les PMR en VIP<\/p>\n<p>En ce qui concerne la configuration et les am\u00e9nagements du site, tr\u00e8s appr\u00e9ci\u00e9s des festivaliers l\u2019ann\u00e9e derni\u00e8re, ils sont maintenus quasiment \u00e0 l\u2019identique. Un gros effort a en revanche \u00e9t\u00e9 fait pour l\u2019acc\u00e8s des personnes \u00e0 mobilit\u00e9 r\u00e9duite qui seront accueillies en classe \u00ab\u00a0VIP\u00a0\u00bb.<\/p>\n<p>Selon les organisateurs et au vu des premi\u00e8res r\u00e9servations, le festival devrait accueillir environ 2\u00a0000 festivaliers par jour, venus de toute la France, principalement de Gironde et de Charente-Maritime.<\/p>\n<p>        <img decoding=\"async\" id=\"25484450\" src=\"https:\/\/www.europesays.com\/fr\/wp-content\/uploads\/2025\/08\/haute-saintonge-47da6334c3c24512a08030600390ce5a-092618-ph2.jpg\" alt=\"Le Festival 666 accueille chaque ann\u00e9e plus de 6\u00a0000 visiteurs sur trois jours.\" itemprop=\"contentURL\"\/><\/p>\n<p>    Le Festival 666 accueille chaque ann\u00e9e plus de 6\u00a0000 visiteurs sur trois jours.<\/p>\n<p>D.\u00a0Dauphin\/DWD<\/p>\n<p>    Trois l\u00e9gendes samedi 9 ao\u00fbt<\/p>\n<p>En ce qui concerne la programmation, les t\u00eates d\u2019affiche sont encore \u00e0 la hauteur de la renomm\u00e9e de l\u2019\u00e9v\u00e9nement cette ann\u00e9e. \u00ab\u00a0On est notamment tr\u00e8s content d\u2019accueillir Leprous vendredi soir. C\u2019est du m\u00e9tal progressif, une esth\u00e9tique qu\u2019on n\u2019avait pas l\u2019habitude de repr\u00e9senter sur notre sc\u00e8ne mais qui explose actuellement en France. Pour samedi, on a d\u00e9cid\u00e9 de rendre un petit hommage \u00e0 nos festivaliers les plus fid\u00e8les en accueillant au cours de la m\u00eame soir\u00e9e les trois premi\u00e8res t\u00eates d\u2019affiche de nos trois premi\u00e8res \u00e9ditions\u00a0: Tagada Jones, Sha\u00e2rgot et Mass Hysteria\u00a0! C\u2019est du jamais vu et cela va \u00eatre une grosse soir\u00e9e pour le m\u00e9tal fran\u00e7ais\u00a0!\u00a0\u00bb, pr\u00e9vient Victor P\u00e9pin. Le dimanche, place \u00e0 la sc\u00e8ne hard-core avec le groupe Hatebreed, patrons plan\u00e9taires du genre, et des p\u00e9pites telles que Eight Sins, Counterparts et Alea Jacta Est.<\/p>\n<p>En tout, le Festival 666 accueille cette ann\u00e9e dix groupes par jour. Victor P\u00e9pin est pleinement satisfait m\u00eame s\u2019il conserve un r\u00eave ultime\u00a0: faire venir le plus c\u00e9l\u00e8bre groupe de m\u00e9tal fran\u00e7ais, Gojira. \u00ab\u00a0J\u2019essaie tous les ans de les avoir sur notre sc\u00e8ne\u2026 Qui sait, peut-\u00eatre un jour.\u00a0\u00bb<\/p>\n<p>Programmation compl\u00e8te et billetterie sur <a href=\"https:\/\/www.festival666.com\/\" target=\"_blank\" rel=\"nofollow noopener\">www.festival666.com<\/a><\/p>\n","protected":false},"excerpt":{"rendered":"Grande nouveaut\u00e9 cette ann\u00e9e\u00a0! Pour la premi\u00e8re fois, le \u00ab\u00a0warm up\u00a0\u00bb \u2013 comprenez le d\u00e9part anticip\u00e9 \u2013 du&hellip;\n","protected":false},"author":2,"featured_media":301524,"comment_status":"","ping_status":"","sticky":false,"template":"","format":"standard","meta":{"footnotes":""},"categories":[1355],"tags":[58,59,1011,27,1361,873],"class_list":{"0":"post-301523","1":"post","2":"type-post","3":"status-publish","4":"format-standard","5":"has-post-thumbnail","7":"category-musique","8":"tag-divertissement","9":"tag-entertainment","10":"tag-fr","11":"tag-france","12":"tag-music","13":"tag-musique"},"share_on_mastodon":{"url":"https:\/\/pubeurope.com\/@fr\/114984545478806778","error":""},"_links":{"self":[{"href":"https:\/\/www.europesays.com\/fr\/wp-json\/wp\/v2\/posts\/301523","targetHints":{"allow":["GET"]}}],"collection":[{"href":"https:\/\/www.europesays.com\/fr\/wp-json\/wp\/v2\/posts"}],"about":[{"href":"https:\/\/www.europesays.com\/fr\/wp-json\/wp\/v2\/types\/post"}],"author":[{"embeddable":true,"href":"https:\/\/www.europesays.com\/fr\/wp-json\/wp\/v2\/users\/2"}],"replies":[{"embeddable":true,"href":"https:\/\/www.europesays.com\/fr\/wp-json\/wp\/v2\/comments?post=301523"}],"version-history":[{"count":0,"href":"https:\/\/www.europesays.com\/fr\/wp-json\/wp\/v2\/posts\/301523\/revisions"}],"wp:featuredmedia":[{"embeddable":true,"href":"https:\/\/www.europesays.com\/fr\/wp-json\/wp\/v2\/media\/301524"}],"wp:attachment":[{"href":"https:\/\/www.europesays.com\/fr\/wp-json\/wp\/v2\/media?parent=301523"}],"wp:term":[{"taxonomy":"category","embeddable":true,"href":"https:\/\/www.europesays.com\/fr\/wp-json\/wp\/v2\/categories?post=301523"},{"taxonomy":"post_tag","embeddable":true,"href":"https:\/\/www.europesays.com\/fr\/wp-json\/wp\/v2\/tags?post=301523"}],"curies":[{"name":"wp","href":"https:\/\/api.w.org\/{rel}","templated":true}]}}