{"id":301525,"date":"2025-08-07T00:01:20","date_gmt":"2025-08-07T00:01:20","guid":{"rendered":"https:\/\/www.europesays.com\/fr\/301525\/"},"modified":"2025-08-07T00:01:20","modified_gmt":"2025-08-07T00:01:20","slug":"la-trilogie-doslo-reves-premiers-emois-nordiques","status":"publish","type":"post","link":"https:\/\/www.europesays.com\/fr\/301525\/","title":{"rendered":"\u00abLa Trilogie d\u2019Oslo: R\u00eaves\u00bb, premiers \u00e9mois nordiques"},"content":{"rendered":"<p>Apr\u00e8s D\u00e9sir la semaine derni\u00e8re et en attendant Amour la prochaine, voici R\u00eaves: une histoire ind\u00e9pendante des deux autres dans une Trilogie d\u2019Oslo par ailleurs pleine de connexions subtiles. C\u2019est dans ce film-ci que Dag Johan Haugerud d\u00e9voile le plus clairement sa double casquette de cin\u00e9aste et de romancier. Un film narr\u00e9 par son h\u00e9ro\u00efne adolescente dans une voix off limite envahissante et qui pourtant trouvera pleinement sa justification dans la suite des \u00e9v\u00e9nements. Quant \u00e0 savoir comment un homme de 60\u00a0ans parvient \u00e0 se projeter ainsi dans les premiers \u00e9mois d\u2019une jeune fille de 17\u00a0ans avant de prendre peu \u00e0 peu de la hauteur, c\u2019est tout le myst\u00e8re et la beaut\u00e9 de ce triptyque unique en son genre, \u00e0 d\u00e9couvrir toutes affaires cessantes.<\/p>\n<p>Film\u00e9 avec un cadre plus resserr\u00e9 que D\u00e9sir qui convient sans doute mieux au projet, R\u00eaves s\u2019ouvre sur un magnifique plan d\u2019escalier en zigzag dans les brumes. O\u00f9 peut-il bien mener? Cet escalier ainsi que d\u2019autres viendront ponctuer le r\u00e9cit, accompagn\u00e9s d\u2019une musique ind\u00e9finissable, cette fois compos\u00e9e par une femme (Anna Berg). C\u2019est qu\u2019il s\u2019agit d\u2019une histoire presque exclusivement f\u00e9minine, avec juste un jeune homme sur la fin et le psy incarn\u00e9 par Lars Jacob Holm pour \u00e9tablir un lien discret entre les trois films.<\/p>\n","protected":false},"excerpt":{"rendered":"Apr\u00e8s D\u00e9sir la semaine derni\u00e8re et en attendant Amour la prochaine, voici R\u00eaves: une histoire ind\u00e9pendante des deux&hellip;\n","protected":false},"author":2,"featured_media":301526,"comment_status":"","ping_status":"","sticky":false,"template":"","format":"standard","meta":{"footnotes":""},"categories":[1354],"tags":[650,58,59,1346,1011,27,1360,301],"class_list":{"0":"post-301525","1":"post","2":"type-post","3":"status-publish","4":"format-standard","5":"has-post-thumbnail","7":"category-films","8":"tag-cinema","9":"tag-divertissement","10":"tag-entertainment","11":"tag-films","12":"tag-fr","13":"tag-france","14":"tag-movies","15":"tag-premium"},"share_on_mastodon":{"url":"https:\/\/pubeurope.com\/@fr\/114984549334789444","error":""},"_links":{"self":[{"href":"https:\/\/www.europesays.com\/fr\/wp-json\/wp\/v2\/posts\/301525","targetHints":{"allow":["GET"]}}],"collection":[{"href":"https:\/\/www.europesays.com\/fr\/wp-json\/wp\/v2\/posts"}],"about":[{"href":"https:\/\/www.europesays.com\/fr\/wp-json\/wp\/v2\/types\/post"}],"author":[{"embeddable":true,"href":"https:\/\/www.europesays.com\/fr\/wp-json\/wp\/v2\/users\/2"}],"replies":[{"embeddable":true,"href":"https:\/\/www.europesays.com\/fr\/wp-json\/wp\/v2\/comments?post=301525"}],"version-history":[{"count":0,"href":"https:\/\/www.europesays.com\/fr\/wp-json\/wp\/v2\/posts\/301525\/revisions"}],"wp:featuredmedia":[{"embeddable":true,"href":"https:\/\/www.europesays.com\/fr\/wp-json\/wp\/v2\/media\/301526"}],"wp:attachment":[{"href":"https:\/\/www.europesays.com\/fr\/wp-json\/wp\/v2\/media?parent=301525"}],"wp:term":[{"taxonomy":"category","embeddable":true,"href":"https:\/\/www.europesays.com\/fr\/wp-json\/wp\/v2\/categories?post=301525"},{"taxonomy":"post_tag","embeddable":true,"href":"https:\/\/www.europesays.com\/fr\/wp-json\/wp\/v2\/tags?post=301525"}],"curies":[{"name":"wp","href":"https:\/\/api.w.org\/{rel}","templated":true}]}}