{"id":301527,"date":"2025-08-07T00:02:11","date_gmt":"2025-08-07T00:02:11","guid":{"rendered":"https:\/\/www.europesays.com\/fr\/301527\/"},"modified":"2025-08-07T00:02:11","modified_gmt":"2025-08-07T00:02:11","slug":"grippe-et-covid-19-des-virus-respiratoires-susceptibles-de-reveiller-des-cellules-cancereuses-selon-une-etude","status":"publish","type":"post","link":"https:\/\/www.europesays.com\/fr\/301527\/","title":{"rendered":"Grippe et Covid-19: des virus respiratoires susceptibles de r\u00e9veiller des cellules canc\u00e9reuses selon une \u00e9tude"},"content":{"rendered":"<p>Dans une \u00e9tude publi\u00e9e r\u00e9cemment, l\u2019Universit\u00e9 du Colorado, le Centre de canc\u00e9rologie Montefiore Einstein (MECCC) et l\u2019Universit\u00e9 d\u2019Utrecht (Pays-Bas) font la corr\u00e9lation entre les infections respiratoires et le r\u00e9veil de cellules canc\u00e9reuses dormantes.<\/p>\n<p>\u00ab\u00a0Pendant la pand\u00e9mie de Covid-19, des rapports anecdotiques ont sugg\u00e9r\u00e9 une possible augmentation des taux de mortalit\u00e9 par cancer, renfor\u00e7ant l\u2019hypoth\u00e8se selon laquelle une inflammation s\u00e9v\u00e8re pourrait contribuer \u00e0 r\u00e9veiller les CCD dormantes\u00a0\u00bb, a d\u00e9clar\u00e9 dans un communiqu\u00e9 le docteur Aguirre-Ghiso, co-directeur de l\u2019\u00e9tude.<\/p>\n<p>                                <b>Tests sur des souris<\/b><\/p>\n<p>Pour appuyer cette hypoth\u00e8se, des tests ont \u00e9t\u00e9 effectu\u00e9s sur des souris pr\u00e9sentant des cellules canc\u00e9reuses dormantes dans les poumons. Apr\u00e8s leur contamination par la grippe ou le virus du Covid-19, dans les deux cas, les cellules dormantes ont \u00e9t\u00e9 reveill\u00e9es.<\/p>\n<p>S&rsquo;en est suivie une prolif\u00e9ration quelques jours plus tard et l&rsquo;apparition de l\u00e9sions m\u00e9tastatiques au bout de deux semaines.<\/p>\n<p>\u00ab\u00a0Les cellules canc\u00e9reuses dormantes sont comparables aux braises d\u2019un feu de camp abandonn\u00e9, et les virus respiratoires sont comparables \u00e0 un vent violent qui rallume les flammes\u00a0\u00bb, selon le docteur DeGregori, auteur principal de l\u2019\u00e9tude.<\/p>\n<p>A l&rsquo;origine de ce r\u00e9veil: la prot\u00e9ine \u00ab\u00a0interleukine 6\u00a0\u00bb qui lib\u00e8re des cellules immunitaires en cas d&rsquo;infection.<\/p>\n<p>L\u2019identification de cette prot\u00e9ine \u00ab\u00a0comme m\u00e9diateur cl\u00e9 du r\u00e9veil\u00a0\u00bb des cellules canc\u00e9reuses conduira les chercheurs \u00e0 \u00e9laborer des inhibiteurs ou des immunoth\u00e9rapies cibl\u00e9es afin de \u00ab\u00a0pr\u00e9venir ou att\u00e9nuer la r\u00e9surgence des m\u00e9tastases apr\u00e8s une infection virale\u00a0\u00bb, a conclu le docteur Aguirre-Ghiso.<\/p>\n<p>\u00ab\u00a0En comprenant les m\u00e9canismes sous-jacents, nous travaillerons activement \u00e0 la mise au point d\u2019interventions permettant de limiter le risque de progression m\u00e9tastatique chez les survivants du cancer qui souffrent d\u2019infections virales respiratoires.\u00a0\u00bb<\/p>\n","protected":false},"excerpt":{"rendered":"Dans une \u00e9tude publi\u00e9e r\u00e9cemment, l\u2019Universit\u00e9 du Colorado, le Centre de canc\u00e9rologie Montefiore Einstein (MECCC) et l\u2019Universit\u00e9 d\u2019Utrecht&hellip;\n","protected":false},"author":2,"featured_media":301528,"comment_status":"","ping_status":"","sticky":false,"template":"","format":"standard","meta":{"footnotes":""},"categories":[10],"tags":[1011,27,72,71],"class_list":{"0":"post-301527","1":"post","2":"type-post","3":"status-publish","4":"format-standard","5":"has-post-thumbnail","7":"category-sante","8":"tag-fr","9":"tag-france","10":"tag-health","11":"tag-sante"},"share_on_mastodon":{"url":"https:\/\/pubeurope.com\/@fr\/114984553277285861","error":""},"_links":{"self":[{"href":"https:\/\/www.europesays.com\/fr\/wp-json\/wp\/v2\/posts\/301527","targetHints":{"allow":["GET"]}}],"collection":[{"href":"https:\/\/www.europesays.com\/fr\/wp-json\/wp\/v2\/posts"}],"about":[{"href":"https:\/\/www.europesays.com\/fr\/wp-json\/wp\/v2\/types\/post"}],"author":[{"embeddable":true,"href":"https:\/\/www.europesays.com\/fr\/wp-json\/wp\/v2\/users\/2"}],"replies":[{"embeddable":true,"href":"https:\/\/www.europesays.com\/fr\/wp-json\/wp\/v2\/comments?post=301527"}],"version-history":[{"count":0,"href":"https:\/\/www.europesays.com\/fr\/wp-json\/wp\/v2\/posts\/301527\/revisions"}],"wp:featuredmedia":[{"embeddable":true,"href":"https:\/\/www.europesays.com\/fr\/wp-json\/wp\/v2\/media\/301528"}],"wp:attachment":[{"href":"https:\/\/www.europesays.com\/fr\/wp-json\/wp\/v2\/media?parent=301527"}],"wp:term":[{"taxonomy":"category","embeddable":true,"href":"https:\/\/www.europesays.com\/fr\/wp-json\/wp\/v2\/categories?post=301527"},{"taxonomy":"post_tag","embeddable":true,"href":"https:\/\/www.europesays.com\/fr\/wp-json\/wp\/v2\/tags?post=301527"}],"curies":[{"name":"wp","href":"https:\/\/api.w.org\/{rel}","templated":true}]}}