{"id":30153,"date":"2025-04-16T22:43:09","date_gmt":"2025-04-16T22:43:09","guid":{"rendered":"https:\/\/www.europesays.com\/fr\/30153\/"},"modified":"2025-04-16T22:43:09","modified_gmt":"2025-04-16T22:43:09","slug":"lyon-1er-et-7e-trois-jours-de-festival-pour-decouvrir-la-culture-bulgare","status":"publish","type":"post","link":"https:\/\/www.europesays.com\/fr\/30153\/","title":{"rendered":"Lyon 1er \u00a0et 7e. Trois jours de festival pour d\u00e9couvrir la culture bulgare"},"content":{"rendered":"<p>Les 5, 6 et 7\u00a0juin, Lyon accueillera la 10e \u00e9dition du festival itin\u00e9rant Une Ronde autour du monde. Apr\u00e8s Montpellier, Valence (Espagne), V\u00e9rone, Copenhague ou encore Prague, le festival revient l\u00e0 o\u00f9 il est n\u00e9.<\/p>\n<p>Organis\u00e9 par Ot Izvora, association de Bulgares Lyonnais qui a pour vocation la pratique des danses, chants et musiques traditionnels, l\u2019\u00e9v\u00e9nement se&#8230;<\/p>\n","protected":false},"excerpt":{"rendered":"Les 5, 6 et 7\u00a0juin, Lyon accueillera la 10e \u00e9dition du festival itin\u00e9rant Une Ronde autour du monde.&hellip;\n","protected":false},"author":2,"featured_media":30154,"comment_status":"","ping_status":"","sticky":false,"template":"","format":"standard","meta":{"footnotes":""},"categories":[1889],"tags":[1111,11,2430,1687,2757,1777,674,1011,27,2428,2756,12,2661,25],"class_list":{"0":"post-30153","1":"post","2":"type-post","3":"status-publish","4":"format-standard","5":"has-post-thumbnail","7":"category-lyon","8":"tag-actu","9":"tag-actualites","10":"tag-auvergne-rhone-alpes","11":"tag-culture-loisirs","12":"tag-edition-lyon-villeurbanne","13":"tag-eu","14":"tag-europe","15":"tag-fr","16":"tag-france","17":"tag-lyon","18":"tag-lyon-bassin","19":"tag-news","20":"tag-patrimoine-culturel","21":"tag-republique-francaise"},"share_on_mastodon":{"url":"https:\/\/pubeurope.com\/@fr\/114350063963707308","error":""},"_links":{"self":[{"href":"https:\/\/www.europesays.com\/fr\/wp-json\/wp\/v2\/posts\/30153","targetHints":{"allow":["GET"]}}],"collection":[{"href":"https:\/\/www.europesays.com\/fr\/wp-json\/wp\/v2\/posts"}],"about":[{"href":"https:\/\/www.europesays.com\/fr\/wp-json\/wp\/v2\/types\/post"}],"author":[{"embeddable":true,"href":"https:\/\/www.europesays.com\/fr\/wp-json\/wp\/v2\/users\/2"}],"replies":[{"embeddable":true,"href":"https:\/\/www.europesays.com\/fr\/wp-json\/wp\/v2\/comments?post=30153"}],"version-history":[{"count":0,"href":"https:\/\/www.europesays.com\/fr\/wp-json\/wp\/v2\/posts\/30153\/revisions"}],"wp:featuredmedia":[{"embeddable":true,"href":"https:\/\/www.europesays.com\/fr\/wp-json\/wp\/v2\/media\/30154"}],"wp:attachment":[{"href":"https:\/\/www.europesays.com\/fr\/wp-json\/wp\/v2\/media?parent=30153"}],"wp:term":[{"taxonomy":"category","embeddable":true,"href":"https:\/\/www.europesays.com\/fr\/wp-json\/wp\/v2\/categories?post=30153"},{"taxonomy":"post_tag","embeddable":true,"href":"https:\/\/www.europesays.com\/fr\/wp-json\/wp\/v2\/tags?post=30153"}],"curies":[{"name":"wp","href":"https:\/\/api.w.org\/{rel}","templated":true}]}}