{"id":301534,"date":"2025-08-07T00:06:20","date_gmt":"2025-08-07T00:06:20","guid":{"rendered":"https:\/\/www.europesays.com\/fr\/301534\/"},"modified":"2025-08-07T00:06:20","modified_gmt":"2025-08-07T00:06:20","slug":"la-chaine-claires-en-faillite-aux-etats-unis-et-dans-plusieurs-pays-06-08-2025-a-2023","status":"publish","type":"post","link":"https:\/\/www.europesays.com\/fr\/301534\/","title":{"rendered":"La cha\u00eene Claire&rsquo;s en faillite aux Etats-Unis et dans plusieurs pays &#8211; 06\/08\/2025 \u00e0 20:23"},"content":{"rendered":"<p>        <img fetchpriority=\"high\" decoding=\"async\" src=\"https:\/\/www.europesays.com\/fr\/wp-content\/uploads\/2025\/08\/f2be5a6ead2db1b30cad22877c347580-760x529.jpg\" alt=\"Une boutique Claire's, le 23 juin 2025 \u00e0 Emeryville (Californie) ( GETTY IMAGES NORTH AMERICA \/ JUSTIN SULLIVAN )\" loading=\"eager\" width=\"760\" height=\"529\" style=\"max-width: 100%!important; height: auto;\"\/><\/p>\n<p class=\"c-image-news__legend\">Une boutique Claire&rsquo;s, le 23 juin 2025 \u00e0 Emeryville (Californie) ( GETTY IMAGES NORTH AMERICA \/ JUSTIN SULLIVAN )<\/p>\n<p>\n Le groupe de bijoux fantaisie Claire&rsquo;s a plac\u00e9 mercredi sous la protection de la loi am\u00e9ricaine sur les faillites, dite Chapter 11, ses activit\u00e9s am\u00e9ricaines et plusieurs de ses filiales op\u00e9rant des magasins sous enseigne Claire&rsquo;s et Icing.\n<\/p>\n<p>\n Il a pr\u00e9cis\u00e9 dans un communiqu\u00e9 qu&rsquo;une proc\u00e9dure en ce sens allait \u00e9galement \u00eatre initi\u00e9e au Canada, sans donner de pr\u00e9cision sur le calendrier.\n<\/p>\n<p>\n Les magasins vont rester ouverts et les employ\u00e9s vont continuer d&rsquo;\u00eatre pay\u00e9s, a-t-il relev\u00e9.\n<\/p>\n<p>\n Sa filiale fran\u00e7aise a d\u00e9j\u00e0 \u00e9t\u00e9 plac\u00e9e en redressement judiciaire en juillet, a indiqu\u00e9 \u00e0 l&rsquo;AFP l&rsquo;avocat des repr\u00e9sentants du personnel.\n<\/p>\n<p>\n La d\u00e9cision d&rsquo;engager une proc\u00e9dure de faillite aux Etats-Unis \u00ab\u00a0est difficile mais n\u00e9cessaire\u00a0\u00bb, a affirm\u00e9 Chris Cramer, patron de Claire&rsquo;s depuis juin 2024, cit\u00e9 dans un communiqu\u00e9.\n<\/p>\n<p>\n \u00ab\u00a0Une concurrence accrue, les tendances de d\u00e9penses des consommateurs et la prise de distance continue avec le commerce de rue, associ\u00e9s \u00e0 nos obligations actuelles en mati\u00e8re d&rsquo;endettement et les facteurs macro\u00e9conomiques, n\u00e9cessitent cette mesure\u00a0\u00bb, a-t-il poursuivi.\n<\/p>\n<p>\n \u00ab\u00a0Nous continuons de mener des discussions actives avec de potentiels partenaires strat\u00e9giques et financiers\u00a0\u00bb, a-t-il assur\u00e9, \u00e9voquant la d\u00e9termination des dirigeants \u00e0 mener \u00e0 bien une \u00ab\u00a0revue des alternatives strat\u00e9giques\u00a0\u00bb.\n<\/p>\n<p>\n Pour Neil Saunders, directeur chez GlobalData, cette faillite \u00ab\u00a0n&rsquo;est pas vraiment une surprise. La cha\u00eene est submerg\u00e9e par un cocktail de probl\u00e8mes, \u00e0 la fois internes et externes, qui rendent sa rentabilit\u00e9 impossible\u00a0\u00bb.\n<\/p>\n<p>\n \u00ab\u00a0Se r\u00e9inventer sera difficile dans l&rsquo;environnement actuel\u00a0\u00bb, a-t-il estim\u00e9.\n<\/p>\n<p>\n Les nouveaux droits de douane am\u00e9ricains semblent \u00eatre la goutte de trop, que \u00ab\u00a0Claire&rsquo;s n&rsquo;est pas en mesure de g\u00e9rer efficacement\u00a0\u00bb, ajoute-t-il, mentionnant aussi la concurrence de nouveaux acteurs ciblant sa jeune client\u00e8le traditionnelle, comme Lovisa, ou le commerce sur internet avec Amazon en t\u00eate de gondole.\n<\/p>\n<p>\n C&rsquo;est la seconde fois que Claire&rsquo;s se place sous la protection du Chapter 11. En 2018, elle avait d\u00e9j\u00e0 utilis\u00e9 ce dispositif pour r\u00e9duire une dette colossale de 2,1 milliards de dollars.\n<\/p>\n<p>\n Cr\u00e9\u00e9e en 1961, Claire&rsquo;s avait \u00e9t\u00e9 rachet\u00e9 en 2007 par la soci\u00e9t\u00e9 d&rsquo;investissements Apollo Global Management.\n<\/p>\n<p> &#8211; Environ 3.000 boutiques &#8211;<\/p>\n<p>\n D&rsquo;apr\u00e8s les dizaines de documents d\u00e9pos\u00e9s mercredi aupr\u00e8s d&rsquo;un tribunal des faillites de l&rsquo;Etat du Delaware, la soci\u00e9t\u00e9 d&rsquo;investissements Elliott Management est d\u00e9sormais son plus gros actionnaire avec une participation cumul\u00e9e d&rsquo;au moins 39,61%.\n<\/p>\n<p>\n Dans ces centaines de pages, elle pr\u00e9cise notamment employer environ 7.000 personnes aux Etats-Unis dont environ 2.000 \u00e0 temps plein et y disposer d&rsquo;un r\u00e9seau de 1.350 boutiques. Et sa dette est comprise entre un et dix milliards de dollars, dont plus de 600 millions arrivant \u00e0 \u00e9ch\u00e9ance en 2026.\n<\/p>\n<p>        <img decoding=\"async\" src=\"https:\/\/www.europesays.com\/fr\/wp-content\/uploads\/2025\/08\/48b9e063053e619b7708088ccd87de18-760x527.jpg\" alt=\"Le groupe Claire's s'est d\u00e9clar\u00e9 en faillite aux Etats-Unis le 6 ao\u00fbt 2025 ( GETTY IMAGES NORTH AMERICA \/ JUSTIN SULLIVAN )\" loading=\"eager\" width=\"760\" height=\"527\" style=\"max-width: 100%!important; height: auto;\"\/><\/p>\n<p class=\"c-image-news__legend\">Le groupe Claire&rsquo;s s&rsquo;est d\u00e9clar\u00e9 en faillite aux Etats-Unis le 6 ao\u00fbt 2025 ( GETTY IMAGES NORTH AMERICA \/ JUSTIN SULLIVAN )<\/p>\n<p>\n Selon le site internet de Claire&rsquo;s, le groupe op\u00e8re au total plus de 2.750 magasins \u00e0 son nom dans dix-sept pays d&rsquo;Am\u00e9rique du Nord et d&rsquo;Europe ainsi que 190 magasins Icing en Am\u00e9rique du Nord.\n<\/p>\n<p>\n Il dispose aussi de plus de 300 magasins franchis\u00e9s au Moyen-Orient et en Afrique du Sud et vend ses produits dans des milliers de concessions dans le monde.\n<\/p>\n<p>\n Les derniers r\u00e9sultats disponibles sur son site portaient sur l&rsquo;exercice fiscal 2021, il s&rsquo;agissait alors de donn\u00e9es pr\u00e9liminaires non audit\u00e9es: le groupe pr\u00e9voyait des ventes nettes de 1,39 milliard de dollars et un r\u00e9sultat op\u00e9rationnel \u00e0 donn\u00e9es comparables entre 273 et 277 millions.\n<\/p>\n<p>\n Sollicit\u00e9 par l&rsquo;AFP concernant notamment des donn\u00e9es plus r\u00e9centes, le groupe n&rsquo;a pas \u00e9t\u00e9 en mesure d&rsquo;en fournir \u00e0 ce stade.\n<\/p>\n<p>\n En France, le tribunal des activit\u00e9s \u00e9conomiques de Paris a ouvert le 24 juillet une proc\u00e9dure de redressement judiciaire, avec une p\u00e9riode d&rsquo;observation de six mois, selon l&rsquo;avocat interrog\u00e9 par l&rsquo;AFP quelques jours plus tard.\n<\/p>\n<p>\n A l&rsquo;issue de cette p\u00e9riode d&rsquo;observation, le tribunal d\u00e9cidera si un plan de continuation est possible, avec un \u00e9ventuel repreneur, ou si une liquidation judiciaire, synonyme de cessation d&rsquo;activit\u00e9, doit \u00eatre prononc\u00e9e.<\/p>\n","protected":false},"excerpt":{"rendered":"Une boutique Claire&rsquo;s, le 23 juin 2025 \u00e0 Emeryville (Californie) ( GETTY IMAGES NORTH AMERICA \/ JUSTIN SULLIVAN&hellip;\n","protected":false},"author":2,"featured_media":301535,"comment_status":"","ping_status":"","sticky":false,"template":"","format":"standard","meta":{"footnotes":""},"categories":[6],"tags":[400,398,408,35,405,33,34,1011,27,403,402,399,404,401,406,407],"class_list":{"0":"post-301534","1":"post","2":"type-post","3":"status-publish","4":"format-standard","5":"has-post-thumbnail","7":"category-economie","8":"tag-action-cac-40","9":"tag-bourse-de-paris","10":"tag-boursorama","11":"tag-business","12":"tag-cotations","13":"tag-economie","14":"tag-economy","15":"tag-fr","16":"tag-france","17":"tag-indices-devises","18":"tag-investir","19":"tag-investissement","20":"tag-marche-boursier","21":"tag-sicav","22":"tag-trackers","23":"tag-warrants"},"share_on_mastodon":{"url":"https:\/\/pubeurope.com\/@fr\/114984569146994588","error":""},"_links":{"self":[{"href":"https:\/\/www.europesays.com\/fr\/wp-json\/wp\/v2\/posts\/301534","targetHints":{"allow":["GET"]}}],"collection":[{"href":"https:\/\/www.europesays.com\/fr\/wp-json\/wp\/v2\/posts"}],"about":[{"href":"https:\/\/www.europesays.com\/fr\/wp-json\/wp\/v2\/types\/post"}],"author":[{"embeddable":true,"href":"https:\/\/www.europesays.com\/fr\/wp-json\/wp\/v2\/users\/2"}],"replies":[{"embeddable":true,"href":"https:\/\/www.europesays.com\/fr\/wp-json\/wp\/v2\/comments?post=301534"}],"version-history":[{"count":0,"href":"https:\/\/www.europesays.com\/fr\/wp-json\/wp\/v2\/posts\/301534\/revisions"}],"wp:featuredmedia":[{"embeddable":true,"href":"https:\/\/www.europesays.com\/fr\/wp-json\/wp\/v2\/media\/301535"}],"wp:attachment":[{"href":"https:\/\/www.europesays.com\/fr\/wp-json\/wp\/v2\/media?parent=301534"}],"wp:term":[{"taxonomy":"category","embeddable":true,"href":"https:\/\/www.europesays.com\/fr\/wp-json\/wp\/v2\/categories?post=301534"},{"taxonomy":"post_tag","embeddable":true,"href":"https:\/\/www.europesays.com\/fr\/wp-json\/wp\/v2\/tags?post=301534"}],"curies":[{"name":"wp","href":"https:\/\/api.w.org\/{rel}","templated":true}]}}