{"id":301536,"date":"2025-08-07T00:07:11","date_gmt":"2025-08-07T00:07:11","guid":{"rendered":"https:\/\/www.europesays.com\/fr\/301536\/"},"modified":"2025-08-07T00:07:11","modified_gmt":"2025-08-07T00:07:11","slug":"la-police-israelienne-interdit-lacces-de-la-mosquee-al-aqsa-au-grand-mufti-de-jerusalem-liberation","status":"publish","type":"post","link":"https:\/\/www.europesays.com\/fr\/301536\/","title":{"rendered":"La police isra\u00e9lienne interdit l\u2019acc\u00e8s de la mosqu\u00e9e Al-Aqsa au grand mufti de J\u00e9rusalem \u2013 Lib\u00e9ration"},"content":{"rendered":"<p class=\"sc-ksZaOG ehjQrN text-element\">Les autorit\u00e9s isra\u00e9liennes ont interdit pour six mois l\u2019acc\u00e8s de <a href=\"https:\/\/www.liberation.fr\/international\/moyen-orient\/intervention-policiere-a-la-mosquee-al-aqsa-a-jerusalem-une-esplanade-aux-airs-de-poudriere-20230405_NSJADNO4EVD33MF4PKTL6RSYGU\/\" target=\"_blank\" rel=\"noreferrer noopener\" title=\"https:\/\/www.liberation.fr\/international\/moyen-orient\/intervention-policiere-a-la-mosquee-al-aqsa-a-jerusalem-une-esplanade-aux-airs-de-poudriere-20230405_NSJADNO4EVD33MF4PKTL6RSYGU\/\">la mosqu\u00e9e Al-Aqsa<\/a> au grand mufti de J\u00e9rusalem et des Territoires palestiniens, Cheikh Muhammad Hussein. Elles lui reprochent un pr\u00eache qui d\u00e9non\u00e7ait <a href=\"https:\/\/www.liberation.fr\/international\/a-gaza-un-camion-de-vivres-se-retourne-sur-la-foule-20-morts-20250806_TM3MM6ABLVEULAYCOTOTUA5DTI\/\" target=\"_blank\" rel=\"noreferrer noopener\" title=\"https:\/\/www.liberation.fr\/international\/a-gaza-un-camion-de-vivres-se-retourne-sur-la-foule-20-morts-20250806_TM3MM6ABLVEULAYCOTOTUA5DTI\/\">la situation humanitaire<\/a> dans la bande de Gaza, a-t-on appris ce mercredi 6 ao\u00fbt de sources concordantes.<\/p>\n<p class=\"sc-ksZaOG ehjQrN text-element\">\u00abLes autorit\u00e9s isra\u00e9liennes ont \u00e9mis une interdiction de six mois visant Cheikh Muhammad Hussein, l\u2019emp\u00eachant d\u2019entrer dans la mosqu\u00e9e Al-Aqsa\u00bb, a affirm\u00e9 l\u2019agence de presse palestinienne Wafa. \u00abCette interdiction a \u00e9t\u00e9 impos\u00e9e apr\u00e8s son pr\u00eache dans lequel il a d\u00e9nonc\u00e9 <a href=\"https:\/\/www.liberation.fr\/international\/moyen-orient\/famine-a-gaza-a-bord-de-lavion-qui-a-largue-quatre-palettes-daide-sur-lenclave-ravagee-20250801_3RNIIF2XENFGFF7ZCXM32SRSMY\/\" target=\"_blank\" rel=\"noreferrer noopener\" title=\"https:\/\/www.liberation.fr\/international\/moyen-orient\/famine-a-gaza-a-bord-de-lavion-qui-a-largue-quatre-palettes-daide-sur-lenclave-ravagee-20250801_3RNIIF2XENFGFF7ZCXM32SRSMY\/\">la politique de famine<\/a> de l\u2019occupant [Isra\u00ebl, ndlr] contre le peuple palestinien dans la bande de Gaza\u00bb, a \u00e9galement assur\u00e9 l\u2019agence.<\/p>\n<p class=\"sc-ksZaOG ehjQrN text-element\">L\u2019avocat du religieux, Khaledoun Najm, confirme ces propos et assure avoir re\u00e7u la d\u00e9cision de la part du commandant de la police de J\u00e9rusalem. Cette interdiction fait suite \u00ab\u00e0 un sermon prononc\u00e9 vendredi 25 juillet, qui ne disait pourtant rien de r\u00e9pr\u00e9hensible\u00bb, selon l\u2019avocat, qui pr\u00e9cise que la police n\u2019a pas convoqu\u00e9 ni interrog\u00e9 le grand mufti avant de prononcer la mesure. La police ne mentionne pas les motifs exacts de l\u2019interdiction, mais estime l\u2019avoir ordonn\u00e9 \u00abpour emp\u00eacher une grave atteinte \u00e0 la s\u00e9curit\u00e9\u00bb.<\/p>\n<p class=\"sc-ksZaOG ehjQrN text-element\">Cheikh Hussein avait \u00e9t\u00e9 convoqu\u00e9 le 27 juillet par la police isra\u00e9lienne, qui lui avait remis une premi\u00e8re ordonnance d\u2019expulsion de huit jours de la mosqu\u00e9e, avec possibilit\u00e9 de renouvellement.<\/p>\n<p class=\"sc-ksZaOG ehjQrN text-element\">La mosqu\u00e9e Al-Aqsa est situ\u00e9e sur l\u2019esplanade des mosqu\u00e9es \u00e0 J\u00e9rusalem-Est, secteur occup\u00e9 et annex\u00e9 par Isra\u00ebl. Troisi\u00e8me lieu saint de l\u2019islam et lieu le plus sacr\u00e9 du juda\u00efsme, le site est au c\u0153ur des tensions isra\u00e9lo-palestiniennes.<\/p>\n","protected":false},"excerpt":{"rendered":"Les autorit\u00e9s isra\u00e9liennes ont interdit pour six mois l\u2019acc\u00e8s de la mosqu\u00e9e Al-Aqsa au grand mufti de J\u00e9rusalem&hellip;\n","protected":false},"author":2,"featured_media":301537,"comment_status":"","ping_status":"","sticky":false,"template":"","format":"standard","meta":{"footnotes":""},"categories":[5],"tags":[11,1011,27,3517,14,5318,664,3523,8306,12,3518,28],"class_list":{"0":"post-301536","1":"post","2":"type-post","3":"status-publish","4":"format-standard","5":"has-post-thumbnail","7":"category-international","8":"tag-actualites","9":"tag-fr","10":"tag-france","11":"tag-gaza-l-escalade","12":"tag-international","13":"tag-islam","14":"tag-israel","15":"tag-israel-palestine-conflit","16":"tag-jerusalem","17":"tag-news","18":"tag-palestine","19":"tag-world"},"share_on_mastodon":{"url":"https:\/\/pubeurope.com\/@fr\/114984572838794781","error":""},"_links":{"self":[{"href":"https:\/\/www.europesays.com\/fr\/wp-json\/wp\/v2\/posts\/301536","targetHints":{"allow":["GET"]}}],"collection":[{"href":"https:\/\/www.europesays.com\/fr\/wp-json\/wp\/v2\/posts"}],"about":[{"href":"https:\/\/www.europesays.com\/fr\/wp-json\/wp\/v2\/types\/post"}],"author":[{"embeddable":true,"href":"https:\/\/www.europesays.com\/fr\/wp-json\/wp\/v2\/users\/2"}],"replies":[{"embeddable":true,"href":"https:\/\/www.europesays.com\/fr\/wp-json\/wp\/v2\/comments?post=301536"}],"version-history":[{"count":0,"href":"https:\/\/www.europesays.com\/fr\/wp-json\/wp\/v2\/posts\/301536\/revisions"}],"wp:featuredmedia":[{"embeddable":true,"href":"https:\/\/www.europesays.com\/fr\/wp-json\/wp\/v2\/media\/301537"}],"wp:attachment":[{"href":"https:\/\/www.europesays.com\/fr\/wp-json\/wp\/v2\/media?parent=301536"}],"wp:term":[{"taxonomy":"category","embeddable":true,"href":"https:\/\/www.europesays.com\/fr\/wp-json\/wp\/v2\/categories?post=301536"},{"taxonomy":"post_tag","embeddable":true,"href":"https:\/\/www.europesays.com\/fr\/wp-json\/wp\/v2\/tags?post=301536"}],"curies":[{"name":"wp","href":"https:\/\/api.w.org\/{rel}","templated":true}]}}