{"id":301538,"date":"2025-08-07T00:09:11","date_gmt":"2025-08-07T00:09:11","guid":{"rendered":"https:\/\/www.europesays.com\/fr\/301538\/"},"modified":"2025-08-07T00:09:11","modified_gmt":"2025-08-07T00:09:11","slug":"legislative-partielle-a-paris-la-gauche-investit-frederique-bredin-contre-la-comedie-de-boulevard-barnier-dati","status":"publish","type":"post","link":"https:\/\/www.europesays.com\/fr\/301538\/","title":{"rendered":"L\u00e9gislative partielle \u00e0 Paris\u00a0: la gauche investit Fr\u00e9d\u00e9rique Bredin contre la \u00ab com\u00e9die de boulevard \u00bb Barnier-Dati"},"content":{"rendered":"<p class=\"paragraph text_align_left lp-f-body-02\">Une candidate de plus dans la bataille de la rive gauche. Ce mercredi soir, le bureau du Parti socialiste parisien, r\u00e9uni en conseil f\u00e9d\u00e9ral, a d\u00e9cid\u00e9 d\u2019investir Fr\u00e9d\u00e9rique Bredin et Marine Rosset (suppl\u00e9ante) pour l\u2019\u00e9lection l\u00e9gislative partielle de la 2e circonscription (Ve ainsi qu\u2019une partie des VIe et du VIIe arrondissements).<\/p>\n<p class=\"paragraph text_align_left lp-f-body-02\">Pour l\u2019heure, elle devra faire face \u00e0 la maire du VIIe et ministre de la Culture, Rachida Dati, qui a <a href=\"https:\/\/www.leparisien.fr\/elections\/legislatives\/legislative-partielle-a-paris-je-serai-quoi-quil-arrive-candidate-dati-prete-a-entrer-en-dissidence-28-07-2025-AAIOMYB2HFB4JBKOHBUZBPTERI.php\" target=\"_blank\" rel=\"noreferrer nofollow noopener\">refus\u00e9 de se d\u00e9sister au profit de l\u2019ex-Premier ministre Michel Barnier<\/a>, investi fin juillet par Les R\u00e9publicains. Un psychodrame \u00e0 droite auquel s\u2019ajoute la candidature de <a href=\"https:\/\/www.leparisien.fr\/politique\/cest-lendroit-ou-il-faut-etre-le-rn-thierry-mariani-sera-lui-aussi-candidat-a-paris-17-07-2025-5EHURHYCQFAVBH4MSBDMP3ANLQ.php\" target=\"_blank\" rel=\"noreferrer nofollow noopener\">l\u2019eurod\u00e9put\u00e9 Thierry Mariani<\/a> du Rassemblement national.<\/p>\n<p class=\"paragraph text_align_left lp-f-body-02\">Fr\u00e9d\u00e9rique Bredin (PS), 68 ans, ministre de la Jeunesse et des Sports sous Mitterrand, a aussi \u00e9t\u00e9 d\u00e9put\u00e9e de Seine-Maritime et eurod\u00e9put\u00e9e. Plus r\u00e9cemment, elle a \u00e9t\u00e9 pr\u00e9sidente du Centre national du cin\u00e9ma (CNC).<\/p>\n<p class=\"paragraph text_align_left lp-f-body-02\">Si elle, aussi, comptait s\u2019engager \u00ab pour Paris, pour garder Paris \u00e0 gauche, dans les arrondissements que je connais parfaitement depuis l\u2019enfance, aux municipales \u00bb, elle sera d\u00e9j\u00e0 en campagne d\u00e8s cette fin d\u2019\u00e9t\u00e9.<\/p>\n<p>Elle a v\u00e9cu 30 ans dans ce territoire<\/p>\n<p class=\"paragraph text_align_left lp-f-body-02\">\u00ab Je connais particuli\u00e8rement les Ve, VIe et VIIe pour y avoir v\u00e9cu plus de 30 ans. Cette portion de la rive gauche, c\u2019est le quartier o\u00f9 j\u2019ai grandi, o\u00f9 j\u2019ai \u00e9tudi\u00e9 et o\u00f9 j\u2019ai v\u00e9cu la plus grande partie de ma vie (\u2026). Comme d\u00e9put\u00e9e et maire (de F\u00e9camp, Seine-Maritime), j\u2019ai eu l\u2019honneur de servir notre pays en m\u2019investissant avec \u00e9nergie pour d\u00e9velopper un territoire en grande difficult\u00e9 et pour am\u00e9liorer concr\u00e8tement la vie de ses habitants \u00bb, explique-t-elle au Parisien.<\/p>\n<p class=\"paragraph text_align_left lp-f-body-02\">Investie peu apr\u00e8s le duel amorc\u00e9 entre ses concurrents de droite, la sexag\u00e9naire fustige \u00ab une guerre d\u2019egos incroyable entre Michel Barnier et Rachida Dati, son ancienne ministre de la Culture \u00bb. <\/p>\n<p class=\"paragraph text_align_left lp-f-body-02\">\u00ab Les Parisiens ne peuvent pas assister \u00e0 cela, une com\u00e9die de boulevard difficile \u00e0 regarder, sans r\u00e9agir. Le sens de l\u2019engagement, c\u2019est d\u2019agir pour les autres. Paris ne peut pas \u00eatre le territoire d\u2019une guerre fratricide, o\u00f9 les habitants sont oubli\u00e9s ou m\u00e9pris\u00e9s \u00bb, tacle-t-elle.<\/p>\n<p class=\"paragraph text_align_left lp-f-body-02\">Aux derni\u00e8res l\u00e9gislatives provoqu\u00e9es par la dissolution de l\u2019Assembl\u00e9e nationale en juillet 2024, sa suppl\u00e9ante Marine Rosset, \u00e9lue du Ve alors candidate, \u00e9tait arriv\u00e9e en t\u00eate face \u00e0 une droite divis\u00e9e. Avant de perdre face \u00e0 Jean Laussucq, ancien adjoint de Rachida Dati dont <a href=\"https:\/\/www.leparisien.fr\/paris-75\/paris-le-conseil-constitutionnel-invalide-lelection-du-depute-jean-laussucq-en-raison-de-depenses-irregulieres-11-07-2025-2PYEQ4BUGRBJ5OCPDEYOEJJHLM.php\" target=\"_blank\" rel=\"noreferrer nofollow noopener\">l\u2019\u00e9lection vient d\u2019\u00eatre invalid\u00e9e<\/a>.<\/p>\n<p>Un scrutin en pleine rentr\u00e9e<\/p>\n<p class=\"paragraph text_align_left lp-f-body-02\">\u00ab L\u2019\u00e9lectorat de la gauche et du centre saura prendre cette opportunit\u00e9 pour envoyer un signal tr\u00e8s fort. Marine Rosset a obtenu un r\u00e9sultat extraordinaire en 2024. Je ne crois pas que l\u2019on sera en septembre prochain dans un d\u00e9bat droite-gauche classique \u00bb, anticipe l\u2019ancienne ministre en vue du scrutin, <a href=\"https:\/\/www.leparisien.fr\/paris-75\/dati-face-a-barnier-a-paris-la-legislative-partielle-dans-la-2e-circonscription-fixee-aux-21-et-28-septembre-06-08-2025-IYOVLO4MRVATZJ2RQZ27MECTMU.php\" target=\"_blank\" rel=\"noreferrer nofollow noopener\">les 21 et 28 septembre<\/a>.<\/p>\n<p class=\"paragraph text_align_left lp-f-body-02\">Mais dans la circonscription historiquement la plus \u00e0 droite de Paris, la partie, m\u00eame avec le soutien des autres formations de gauche, ne sera pas simple pour la gauche. \u00ab En ces temps o\u00f9 tout vacille, le combat doit se mener partout, avec la m\u00eame vigueur. Les Parisiennes et les Parisiens sont pragmatiques, ils veulent des \u00e9lus responsables, s\u00e9rieux et engag\u00e9s pour la qualit\u00e9 de vie des habitants et non des repr\u00e9sentants dont la seule boussole semble \u00eatre l\u2019ambition personnelle \u00bb, juge Fr\u00e9d\u00e9rique Bredin.<\/p>\n<p class=\"paragraph text_align_left lp-f-body-02\">Un retour sur le devant de la sc\u00e8ne politique qu\u2019elle consid\u00e8re \u00ab indispensable, dans une p\u00e9riode si difficile \u00bb. \u00ab Il fallait prendre ses responsabilit\u00e9s \u00bb, termine la nouvelle candidate.<\/p>\n","protected":false},"excerpt":{"rendered":"Une candidate de plus dans la bataille de la rive gauche. Ce mercredi soir, le bureau du Parti&hellip;\n","protected":false},"author":2,"featured_media":301539,"comment_status":"","ping_status":"","sticky":false,"template":"","format":"standard","meta":{"footnotes":""},"categories":[2],"tags":[11,1011,27,1944,12,626,316],"class_list":{"0":"post-301538","1":"post","2":"type-post","3":"status-publish","4":"format-standard","5":"has-post-thumbnail","7":"category-actualites","8":"tag-actualites","9":"tag-fr","10":"tag-france","11":"tag-ma-ville","12":"tag-news","13":"tag-paris","14":"tag-politique"},"share_on_mastodon":{"url":"https:\/\/pubeurope.com\/@fr\/114984580765181339","error":""},"_links":{"self":[{"href":"https:\/\/www.europesays.com\/fr\/wp-json\/wp\/v2\/posts\/301538","targetHints":{"allow":["GET"]}}],"collection":[{"href":"https:\/\/www.europesays.com\/fr\/wp-json\/wp\/v2\/posts"}],"about":[{"href":"https:\/\/www.europesays.com\/fr\/wp-json\/wp\/v2\/types\/post"}],"author":[{"embeddable":true,"href":"https:\/\/www.europesays.com\/fr\/wp-json\/wp\/v2\/users\/2"}],"replies":[{"embeddable":true,"href":"https:\/\/www.europesays.com\/fr\/wp-json\/wp\/v2\/comments?post=301538"}],"version-history":[{"count":0,"href":"https:\/\/www.europesays.com\/fr\/wp-json\/wp\/v2\/posts\/301538\/revisions"}],"wp:featuredmedia":[{"embeddable":true,"href":"https:\/\/www.europesays.com\/fr\/wp-json\/wp\/v2\/media\/301539"}],"wp:attachment":[{"href":"https:\/\/www.europesays.com\/fr\/wp-json\/wp\/v2\/media?parent=301538"}],"wp:term":[{"taxonomy":"category","embeddable":true,"href":"https:\/\/www.europesays.com\/fr\/wp-json\/wp\/v2\/categories?post=301538"},{"taxonomy":"post_tag","embeddable":true,"href":"https:\/\/www.europesays.com\/fr\/wp-json\/wp\/v2\/tags?post=301538"}],"curies":[{"name":"wp","href":"https:\/\/api.w.org\/{rel}","templated":true}]}}