{"id":301547,"date":"2025-08-07T00:14:13","date_gmt":"2025-08-07T00:14:13","guid":{"rendered":"https:\/\/www.europesays.com\/fr\/301547\/"},"modified":"2025-08-07T00:14:13","modified_gmt":"2025-08-07T00:14:13","slug":"toulon-une-belle-prise-avec-la-saisie-de-64-tonnes-de-cocaine-dans-le-golfe-de-guinee","status":"publish","type":"post","link":"https:\/\/www.europesays.com\/fr\/301547\/","title":{"rendered":"TOULON : Une belle prise avec la saisie de 6,4 tonnes de coca\u00efne dans le golfe de Guin\u00e9e"},"content":{"rendered":"<p><b>Les 15 et 16 juillet, le Groupe Jeanne d\u2019Arc est rentr\u00e9 \u00e0 Toulon apr\u00e8s 5 mois de d\u00e9ploiement op\u00e9rationnel.<\/b><\/p>\n<p style=\"font-weight: 400\">Un retour qui a provoqu\u00e9 la joie des familles. Epouses et enfants \u00e9taient visiblement ravis de retrouver \u00ab\u00a0leur marin de c\u0153ur\u00a0\u00bb\u00a0!<\/p>\n<p style=\"font-weight: 400\">Compos\u00e9 du porte-h\u00e9licopt\u00e8res amphibie (PHA) Mistral, de son groupement tactique embarqu\u00e9, de la fr\u00e9gate de type La Fayette (FLF) Surcouf et de l\u2019\u00c9cole d\u2019application des officiers de Marine (EAOM), il a accost\u00e9 \u00e0 Toulon apr\u00e8s 142 jours de d\u00e9ploiement.<\/p>\n<p style=\"font-weight: 400\">Les 640 marins du Groupe Jeanne d\u2019Arc ont parcouru pr\u00e8s de 24 000 nautiques. Ce d\u00e9ploiement a \u00e9t\u00e9 marqu\u00e9 par des rencontres et des interactions avec les marines partenaires, notamment am\u00e9ricaine, colombienne et norv\u00e9gienne.<\/p>\n<p style=\"font-weight: 400\">Le Groupe a particip\u00e9 \u00e0 des op\u00e9rations d\u2019opportunit\u00e9, notamment avec la saisie de 6,4 tonnes de coca\u00efne dans le golfe de Guin\u00e9e. Cette mission intense et riche en op\u00e9rations et en coop\u00e9rations a permis aux officiers-\u00e9l\u00e8ves d\u2019achever leur formation. Elle a \u00e9galement renforc\u00e9 les liens entre la Marine nationale, l\u2019arm\u00e9e de Terre et leurs partenaires.<\/p>\n<p style=\"font-weight: 400\">Arrivant ainsi au terme de leur scolarit\u00e9, les jeunes officiers sont d\u00e9sormais pr\u00eats \u00e0 prendre leurs fonctions \u00e0 bord des b\u00e2timents de la Marine nationale pour leur premi\u00e8re affectation dans quelques semaines.<\/p>\n<p style=\"font-weight: 400\"><strong>Photos Philippe OLIVIER.<\/strong><\/p>\n<p>\u00a0<\/p>\n","protected":false},"excerpt":{"rendered":"Les 15 et 16 juillet, le Groupe Jeanne d\u2019Arc est rentr\u00e9 \u00e0 Toulon apr\u00e8s 5 mois de d\u00e9ploiement&hellip;\n","protected":false},"author":2,"featured_media":301548,"comment_status":"","ping_status":"","sticky":false,"template":"","format":"standard","meta":{"footnotes":""},"categories":[9619],"tags":[1111,11,1777,674,1011,27,12,882,25,2310],"class_list":{"0":"post-301547","1":"post","2":"type-post","3":"status-publish","4":"format-standard","5":"has-post-thumbnail","7":"category-toulon","8":"tag-actu","9":"tag-actualites","10":"tag-eu","11":"tag-europe","12":"tag-fr","13":"tag-france","14":"tag-news","15":"tag-provence-alpes-cote-dazur","16":"tag-republique-francaise","17":"tag-toulon"},"share_on_mastodon":{"url":"https:\/\/pubeurope.com\/@fr\/114984600462437669","error":""},"_links":{"self":[{"href":"https:\/\/www.europesays.com\/fr\/wp-json\/wp\/v2\/posts\/301547","targetHints":{"allow":["GET"]}}],"collection":[{"href":"https:\/\/www.europesays.com\/fr\/wp-json\/wp\/v2\/posts"}],"about":[{"href":"https:\/\/www.europesays.com\/fr\/wp-json\/wp\/v2\/types\/post"}],"author":[{"embeddable":true,"href":"https:\/\/www.europesays.com\/fr\/wp-json\/wp\/v2\/users\/2"}],"replies":[{"embeddable":true,"href":"https:\/\/www.europesays.com\/fr\/wp-json\/wp\/v2\/comments?post=301547"}],"version-history":[{"count":0,"href":"https:\/\/www.europesays.com\/fr\/wp-json\/wp\/v2\/posts\/301547\/revisions"}],"wp:featuredmedia":[{"embeddable":true,"href":"https:\/\/www.europesays.com\/fr\/wp-json\/wp\/v2\/media\/301548"}],"wp:attachment":[{"href":"https:\/\/www.europesays.com\/fr\/wp-json\/wp\/v2\/media?parent=301547"}],"wp:term":[{"taxonomy":"category","embeddable":true,"href":"https:\/\/www.europesays.com\/fr\/wp-json\/wp\/v2\/categories?post=301547"},{"taxonomy":"post_tag","embeddable":true,"href":"https:\/\/www.europesays.com\/fr\/wp-json\/wp\/v2\/tags?post=301547"}],"curies":[{"name":"wp","href":"https:\/\/api.w.org\/{rel}","templated":true}]}}